{"id":57113,"date":"2026-03-14T00:06:00","date_gmt":"2026-03-14T00:06:00","guid":{"rendered":"https:\/\/alger16.dz\/?p=57113"},"modified":"2026-04-11T21:18:01","modified_gmt":"2026-04-11T21:18:01","slug":"gestion-des-communes-une-nouvelle-vision-organisationnelle-en-cours-de-preparation","status":"publish","type":"post","link":"https:\/\/alger16.dz\/?p=57113","title":{"rendered":"Gestion des communes : Une nouvelle vision organisationnelle en cours de pr\u00e9paration"},"content":{"rendered":"\n<figure class=\"wp-block-image size-large\"><img loading=\"lazy\" decoding=\"async\" width=\"1024\" height=\"683\" src=\"https:\/\/alger16.dz\/wp-content\/uploads\/2026\/03\/commune-1024x683.jpg\" alt=\"\" class=\"wp-image-57114\" srcset=\"https:\/\/alger16.dz\/wp-content\/uploads\/2026\/03\/commune-1024x683.jpg 1024w, https:\/\/alger16.dz\/wp-content\/uploads\/2026\/03\/commune-300x200.jpg 300w, https:\/\/alger16.dz\/wp-content\/uploads\/2026\/03\/commune-768x512.jpg 768w, https:\/\/alger16.dz\/wp-content\/uploads\/2026\/03\/commune.jpg 1080w\" sizes=\"auto, (max-width: 1024px) 100vw, 1024px\" \/><\/figure>\n\n\n\n<p><strong>Le ministre de l&rsquo;Int\u00e9rieur, des Collectivit\u00e9s locales et des Transports, Sa\u00efd Sayoud, a annonc\u00e9 jeudi pass\u00e9 \u00e0 Alger qu&rsquo;un projet de d\u00e9cret ex\u00e9cutif est en \u00e9laboration pour \u00e9tablir un mod\u00e8le organisationnel exemplaire qui permettra d&rsquo;adopter une nouvelle approche dans la gestion des communes.<\/strong><\/p>\n\n\n\n<p>Lors d&rsquo;une s\u00e9ance pl\u00e9ni\u00e8re de l&rsquo;Assembl\u00e9e nationale populaire consacr\u00e9e aux questions orales, M. Sayoud a d\u00e9clar\u00e9 que les services de son minist\u00e8re travaillaient actuellement \u00e0 l&rsquo;\u00e9laboration d&rsquo;un d\u00e9cret ex\u00e9cutif d\u00e9finissant un mod\u00e8le d&rsquo;organisation structurelle pour les communes, leur confiant la responsabilit\u00e9 des fonctions d\u00e9centralis\u00e9es de la wilaya.<br>Ce d\u00e9cret, qui vise \u00e0 mettre en \u0153uvre une nouvelle vision organisationnelle de la gestion de la commune, a pour objectif d&rsquo;\u00e9tablir un cadre permettant \u00e0 chaque commune de d\u00e9velopper une structure organisationnelle adapt\u00e9e \u00e0 ses caract\u00e9ristiques et priorit\u00e9s, en tenant compte du niveau de contr\u00f4le et de la disponibilit\u00e9 des ressources n\u00e9cessaires.<br>Concernant les communes ayant d\u00e9j\u00e0 entam\u00e9 l&rsquo;\u00e9laboration de leur structure organisationnelle, M. Sayoud a indiqu\u00e9 que \u00ab leur examen a \u00e9t\u00e9 report\u00e9 jusqu&rsquo;\u00e0 l&rsquo;adoption du mod\u00e8le d&rsquo;organisation structurelle, en tenant compte des r\u00e9sultats du dernier recensement de la population et du logement, la population de chaque commune \u00e9tant l&rsquo;un des crit\u00e8res utilis\u00e9s \u00bb.<br>En r\u00e9ponse \u00e0 une interrogation sur la cr\u00e9ation de nouvelles communes dans certaines wilayas, le ministre a soulign\u00e9 que cette action exige une r\u00e9vision de la loi portant sur l&rsquo;organisation territoriale nationale. Il a \u00e9galement pr\u00e9cis\u00e9 que les crit\u00e8res ne se restreignent pas uniquement \u00e0 des aspects g\u00e9ographiques, en ajoutant que \u00ab dans le cadre d&rsquo;une d\u00e9centralisation renforc\u00e9e, les communes peuvent instaurer des d\u00e9l\u00e9gations ou des annexes sous leur autorit\u00e9, charg\u00e9es de fournir des services publics par procuration de l&rsquo;Assembl\u00e9e populaire communale (APC)\u00bb.<br>Dans le secteur des transports, M. Sayoud a confirm\u00e9 que la distribution des 10 000 autobus import\u00e9s, conform\u00e9ment \u00e0 la d\u00e9cision du pr\u00e9sident de la R\u00e9publique, M. Abdelmadjid Tebboune, \u00ab aura lieu dans les prochains jours \u00bb, indiquant que le processus d\u00e9butera progressivement dans les principales wilayas (Alger, Annaba, Constantine, Oran et S\u00e9tif).<br>Au-del\u00e0 de la r\u00e9organisation administrative, cette initiative s\u2019inscrit dans une dynamique plus large de modernisation de l\u2019action publique locale. <br><strong>Abir Menasria<\/strong><\/p>\n","protected":false},"excerpt":{"rendered":"<p>Le ministre de l&rsquo;Int\u00e9rieur, des Collectivit\u00e9s locales et des Transports, Sa\u00efd Sayoud, a annonc\u00e9 jeudi pass\u00e9 \u00e0 Alger qu&rsquo;un projet de d\u00e9cret ex\u00e9cutif est en \u00e9laboration pour \u00e9tablir un mod\u00e8le organisationnel exemplaire qui permettra d&rsquo;adopter une nouvelle approche dans la gestion des communes. Lors d&rsquo;une s\u00e9ance pl\u00e9ni\u00e8re de l&rsquo;Assembl\u00e9e nationale [&hellip;]<\/p>\n","protected":false},"author":3,"featured_media":57114,"comment_status":"closed","ping_status":"open","sticky":false,"template":"","format":"standard","meta":{"footnotes":""},"categories":[36],"tags":[773],"class_list":["post-57113","post","type-post","status-publish","format-standard","has-post-thumbnail","hentry","category-actualites","tag-said-sayoud"],"_links":{"self":[{"href":"https:\/\/alger16.dz\/index.php?rest_route=\/wp\/v2\/posts\/57113","targetHints":{"allow":["GET"]}}],"collection":[{"href":"https:\/\/alger16.dz\/index.php?rest_route=\/wp\/v2\/posts"}],"about":[{"href":"https:\/\/alger16.dz\/index.php?rest_route=\/wp\/v2\/types\/post"}],"author":[{"embeddable":true,"href":"https:\/\/alger16.dz\/index.php?rest_route=\/wp\/v2\/users\/3"}],"replies":[{"embeddable":true,"href":"https:\/\/alger16.dz\/index.php?rest_route=%2Fwp%2Fv2%2Fcomments&post=57113"}],"version-history":[{"count":1,"href":"https:\/\/alger16.dz\/index.php?rest_route=\/wp\/v2\/posts\/57113\/revisions"}],"predecessor-version":[{"id":57115,"href":"https:\/\/alger16.dz\/index.php?rest_route=\/wp\/v2\/posts\/57113\/revisions\/57115"}],"wp:featuredmedia":[{"embeddable":true,"href":"https:\/\/alger16.dz\/index.php?rest_route=\/wp\/v2\/media\/57114"}],"wp:attachment":[{"href":"https:\/\/alger16.dz\/index.php?rest_route=%2Fwp%2Fv2%2Fmedia&parent=57113"}],"wp:term":[{"taxonomy":"category","embeddable":true,"href":"https:\/\/alger16.dz\/index.php?rest_route=%2Fwp%2Fv2%2Fcategories&post=57113"},{"taxonomy":"post_tag","embeddable":true,"href":"https:\/\/alger16.dz\/index.php?rest_route=%2Fwp%2Fv2%2Ftags&post=57113"}],"curies":[{"name":"wp","href":"https:\/\/api.w.org\/{rel}","templated":true}]}}