{"id":57116,"date":"2026-03-14T00:41:00","date_gmt":"2026-03-14T00:41:00","guid":{"rendered":"https:\/\/alger16.dz\/?p=57116"},"modified":"2026-03-14T14:38:54","modified_gmt":"2026-03-14T14:38:54","slug":"secteur-de-la-justice-la-formation-de-magistrats-specialises-une-necessite","status":"publish","type":"post","link":"https:\/\/alger16.dz\/?p=57116","title":{"rendered":"Secteur de la justice : La formation de magistrats sp\u00e9cialis\u00e9s, une n\u00e9cessit\u00e9"},"content":{"rendered":"\n<figure class=\"wp-block-image size-full\"><img loading=\"lazy\" decoding=\"async\" width=\"600\" height=\"339\" src=\"https:\/\/alger16.dz\/wp-content\/uploads\/2026\/03\/justice.jpg\" alt=\"\" class=\"wp-image-57117\" srcset=\"https:\/\/alger16.dz\/wp-content\/uploads\/2026\/03\/justice.jpg 600w, https:\/\/alger16.dz\/wp-content\/uploads\/2026\/03\/justice-300x170.jpg 300w\" sizes=\"auto, (max-width: 600px) 100vw, 600px\" \/><\/figure>\n\n\n\n<p>Lors d\u2019une rencontre organis\u00e9e jeudi dernier \u00e0 Blida, le ministre de la Justice, garde des Sceaux, Lotfi Boudjema\u00e2, a insist\u00e9 sur la n\u00e9cessit\u00e9 de former des magistrats sp\u00e9cialis\u00e9s au sein des tribunaux de commerce et des juridictions administratives, afin de renforcer l\u2019efficacit\u00e9 et la cr\u00e9dibilit\u00e9 du syst\u00e8me judiciaire.<br>S\u2019exprimant \u00e0 l\u2019occasion de l\u2019ouverture des si\u00e8ges du tribunal de commerce sp\u00e9cialis\u00e9 de Boufarik et du tribunal administratif d\u2019Ouled Ya\u00efch, en pr\u00e9sence du wali de Blida Djamel Eddine Hashas et du pr\u00e9sident du Conseil du renouveau \u00e9conomique alg\u00e9rien (CREA), Kamel Moula, le ministre a soulign\u00e9 que son d\u00e9partement accorde \u00ab une importance cruciale \u00e0 la formation de juges sp\u00e9cialis\u00e9s, particuli\u00e8rement pour ce type de juridictions \u00bb.<br>Il a expliqu\u00e9 que le secteur de la justice accorde d\u00e9sormais \u00ab un int\u00e9r\u00eat majeur \u00bb au renforcement des comp\u00e9tences et \u00e0 l\u2019actualisation continue des connaissances de l\u2019ensemble des personnels. Une attention particuli\u00e8re est accord\u00e9e aux magistrats exer\u00e7ant dans les tribunaux administratifs et commerciaux, appel\u00e9s \u00e0 traiter des litiges souvent complexes n\u00e9cessitant une expertise approfondie dans ces domaines.<br>Selon le ministre, cette sp\u00e9cialisation vise \u00e0 mieux prot\u00e9ger les int\u00e9r\u00eats des citoyens, des commer\u00e7ants, ainsi que des entreprises et institutions financi\u00e8res, tout en contribuant \u00e0 faire de \u00ab la justice un levier pour l\u2019investissement et un moteur du d\u00e9veloppement \u00e9conomique national \u00bb.<br>M. Boudjema\u00e2 a \u00e9galement rappel\u00e9 que la justice administrative, qui exige une vigilance constante et une formation continue des magistrats, constitue \u00ab le v\u00e9ritable garant des droits des citoyens \u00bb, notamment lorsqu\u2019ils estiment avoir \u00e9t\u00e9 l\u00e9s\u00e9s par une d\u00e9cision de l\u2019administration.<br>Par ailleurs, le ministre a encourag\u00e9 le recours \u00e0 la conciliation, qu\u2019il a qualifi\u00e9e de m\u00e9canisme efficace pour r\u00e9gler les litiges commerciaux n\u00e9cessitant \u00abrapidit\u00e9 et souplesse \u00bb. Selon lui, cette approche permettrait de r\u00e9duire le volume des affaires port\u00e9es devant les tribunaux et d\u2019acc\u00e9l\u00e9rer le traitement des dossiers, en particulier ceux li\u00e9s aux litiges bancaires et aux cr\u00e9ances.<br>Lors de sa visite au si\u00e8ge de l\u2019Ordre des avocats, il a \u00e9galement salu\u00e9 le soutien des organisations juridiques \u00e0 la strat\u00e9gie de transformation num\u00e9rique du secteur. Il les a d\u00e9crites comme des \u00ab partenaires essentiels dans le renforcement et le d\u00e9veloppement du syst\u00e8me judiciaire \u00bb, contribuant \u00e0 l\u2019\u00e9mergence d\u2019une justice plus moderne, plus efficace et davantage digne de la confiance des citoyens.<br>Cette visite a enfin permis au ministre de rencontrer les magistrats et les personnels du secteur et de s\u2019enqu\u00e9rir du fonctionnement du syst\u00e8me judiciaire au tribunal de Blida.<br><strong>A. Menasria<\/strong><\/p>\n","protected":false},"excerpt":{"rendered":"<p>Lors d\u2019une rencontre organis\u00e9e jeudi dernier \u00e0 Blida, le ministre de la Justice, garde des Sceaux, Lotfi Boudjema\u00e2, a insist\u00e9 sur la n\u00e9cessit\u00e9 de former des magistrats sp\u00e9cialis\u00e9s au sein des tribunaux de commerce et des juridictions administratives, afin de renforcer l\u2019efficacit\u00e9 et la cr\u00e9dibilit\u00e9 du syst\u00e8me judiciaire.S\u2019exprimant \u00e0 l\u2019occasion [&hellip;]<\/p>\n","protected":false},"author":3,"featured_media":57117,"comment_status":"closed","ping_status":"open","sticky":false,"template":"","format":"standard","meta":{"footnotes":""},"categories":[36],"tags":[2761],"class_list":["post-57116","post","type-post","status-publish","format-standard","has-post-thumbnail","hentry","category-actualites","tag-ministre-de-la-justice"],"_links":{"self":[{"href":"https:\/\/alger16.dz\/index.php?rest_route=\/wp\/v2\/posts\/57116","targetHints":{"allow":["GET"]}}],"collection":[{"href":"https:\/\/alger16.dz\/index.php?rest_route=\/wp\/v2\/posts"}],"about":[{"href":"https:\/\/alger16.dz\/index.php?rest_route=\/wp\/v2\/types\/post"}],"author":[{"embeddable":true,"href":"https:\/\/alger16.dz\/index.php?rest_route=\/wp\/v2\/users\/3"}],"replies":[{"embeddable":true,"href":"https:\/\/alger16.dz\/index.php?rest_route=%2Fwp%2Fv2%2Fcomments&post=57116"}],"version-history":[{"count":1,"href":"https:\/\/alger16.dz\/index.php?rest_route=\/wp\/v2\/posts\/57116\/revisions"}],"predecessor-version":[{"id":57118,"href":"https:\/\/alger16.dz\/index.php?rest_route=\/wp\/v2\/posts\/57116\/revisions\/57118"}],"wp:featuredmedia":[{"embeddable":true,"href":"https:\/\/alger16.dz\/index.php?rest_route=\/wp\/v2\/media\/57117"}],"wp:attachment":[{"href":"https:\/\/alger16.dz\/index.php?rest_route=%2Fwp%2Fv2%2Fmedia&parent=57116"}],"wp:term":[{"taxonomy":"category","embeddable":true,"href":"https:\/\/alger16.dz\/index.php?rest_route=%2Fwp%2Fv2%2Fcategories&post=57116"},{"taxonomy":"post_tag","embeddable":true,"href":"https:\/\/alger16.dz\/index.php?rest_route=%2Fwp%2Fv2%2Ftags&post=57116"}],"curies":[{"name":"wp","href":"https:\/\/api.w.org\/{rel}","templated":true}]}}