{"id":57156,"date":"2026-03-13T18:55:00","date_gmt":"2026-03-13T18:55:00","guid":{"rendered":"https:\/\/alger16.dz\/?p=57156"},"modified":"2026-03-14T15:04:11","modified_gmt":"2026-03-14T15:04:11","slug":"anp-trois-autres-terroristes-abattus-dans-le-secteur-militaire-de-tebessa","status":"publish","type":"post","link":"https:\/\/alger16.dz\/?p=57156","title":{"rendered":"ANP : Trois autres terroristes abattus dans le Secteur militaire de T\u00e9bessa"},"content":{"rendered":"\n<figure class=\"wp-block-image size-large\"><img loading=\"lazy\" decoding=\"async\" width=\"1024\" height=\"592\" src=\"https:\/\/alger16.dz\/wp-content\/uploads\/2026\/03\/image-163-1024x592.png\" alt=\"\" class=\"wp-image-57157\" srcset=\"https:\/\/alger16.dz\/wp-content\/uploads\/2026\/03\/image-163-1024x592.png 1024w, https:\/\/alger16.dz\/wp-content\/uploads\/2026\/03\/image-163-300x173.png 300w, https:\/\/alger16.dz\/wp-content\/uploads\/2026\/03\/image-163-768x444.png 768w, https:\/\/alger16.dz\/wp-content\/uploads\/2026\/03\/image-163.png 1080w\" sizes=\"auto, (max-width: 1024px) 100vw, 1024px\" \/><\/figure>\n\n\n\n<p><strong>\u00a0Des d\u00e9tachements de l\u2019Arm\u00e9e nationale populaire ont r\u00e9ussi, vendredi, \u00e0 neutraliser trois (3) autres terroristes dans le Secteur militaire de T\u00e9bessa en 5e R\u00e9gion militaire, \u00e9levant ainsi le bilan \u00e0 sept (7) terroristes abattus, dont deux \u00e9mirs, indique un communiqu\u00e9 du minist\u00e8re de la D\u00e9fense nationale (MDN).<\/strong><\/p>\n\n\n\n<p>\u00ab\u00a0Dans le cadre de la lutte antiterroriste et en poursuivant l\u2019op\u00e9ration de qualit\u00e9 men\u00e9e par des d\u00e9tachements de l\u2019Arm\u00e9e nationale populaire la nuit d\u2019hier jeudi 12 mars 2026 dans le Secteur militaire de T\u00e9bessa en 5e R\u00e9gion militaire, les m\u00eames d\u00e9tachements ont r\u00e9ussi ce vendredi 13 mars 2026 \u00e0 neutraliser trois autres terroristes dans la m\u00eame zone et \u00e0 r\u00e9cup\u00e9rer trois pistolets mitrailleurs de type Kalachnikov\u00a0\u00bb, pr\u00e9cise la m\u00eame source.<\/p>\n\n\n\n<p>Le bilan s\u2019\u00e9l\u00e8ve ainsi \u00e0 \u00ab\u00a0sept terroristes abattus, dont deux \u00e9mirs, en l\u2019occurrence le terroriste Youcef Salah et le terroriste Haddad Bilal\u00a0\u00bb, avec \u00ab\u00a0la r\u00e9cup\u00e9ration de sept pistolets mitrailleurs de type Kalachnikov et une quantit\u00e9 de munitions et d\u2019autres effets\u00a0\u00bb.<\/p>\n\n\n\n<p>\u00ab\u00a0Lors de l\u2019accrochage avec ce groupe terroriste, trois militaires sont tomb\u00e9s au champ d\u2019honneur\u00a0\u00bb, souligne le communiqu\u00e9, ajoutant qu\u2019\u00a0\u00bben cette douloureuse \u00e9preuve, M. le G\u00e9n\u00e9ral d\u2019Arm\u00e9e Sa\u00efd CHANEGRIHA, ministre d\u00e9l\u00e9gu\u00e9 aupr\u00e8s du ministre de la D\u00e9fense nationale, chef d\u2019\u00e9tat-major de l\u2019Arm\u00e9e nationale populaire, pr\u00e9sente, en son nom et au nom de l\u2019ensemble des personnels de l\u2019ANP, ses sinc\u00e8res condol\u00e9ances et fait part de sa profonde compassion aux familles des Chouhada, priant Allah Le Tout-Puissant, en ce mois sacr\u00e9, de leur pr\u00eater force et courage et d\u2019accorder Sa grande mis\u00e9ricorde aux d\u00e9funts. \u00c0 Allah nous appartenons et \u00e0 Lui nous retournerons\u00a0\u00bb.<\/p>\n","protected":false},"excerpt":{"rendered":"<p>\u00a0Des d\u00e9tachements de l\u2019Arm\u00e9e nationale populaire ont r\u00e9ussi, vendredi, \u00e0 neutraliser trois (3) autres terroristes dans le Secteur militaire de T\u00e9bessa en 5e R\u00e9gion militaire, \u00e9levant ainsi le bilan \u00e0 sept (7) terroristes abattus, dont deux \u00e9mirs, indique un communiqu\u00e9 du minist\u00e8re de la D\u00e9fense nationale (MDN). \u00ab\u00a0Dans le cadre [&hellip;]<\/p>\n","protected":false},"author":3,"featured_media":57157,"comment_status":"closed","ping_status":"open","sticky":false,"template":"","format":"standard","meta":{"footnotes":""},"categories":[36],"tags":[163,99],"class_list":["post-57156","post","type-post","status-publish","format-standard","has-post-thumbnail","hentry","category-actualites","tag-lutte-antiterroriste","tag-mdn"],"_links":{"self":[{"href":"https:\/\/alger16.dz\/index.php?rest_route=\/wp\/v2\/posts\/57156","targetHints":{"allow":["GET"]}}],"collection":[{"href":"https:\/\/alger16.dz\/index.php?rest_route=\/wp\/v2\/posts"}],"about":[{"href":"https:\/\/alger16.dz\/index.php?rest_route=\/wp\/v2\/types\/post"}],"author":[{"embeddable":true,"href":"https:\/\/alger16.dz\/index.php?rest_route=\/wp\/v2\/users\/3"}],"replies":[{"embeddable":true,"href":"https:\/\/alger16.dz\/index.php?rest_route=%2Fwp%2Fv2%2Fcomments&post=57156"}],"version-history":[{"count":1,"href":"https:\/\/alger16.dz\/index.php?rest_route=\/wp\/v2\/posts\/57156\/revisions"}],"predecessor-version":[{"id":57158,"href":"https:\/\/alger16.dz\/index.php?rest_route=\/wp\/v2\/posts\/57156\/revisions\/57158"}],"wp:featuredmedia":[{"embeddable":true,"href":"https:\/\/alger16.dz\/index.php?rest_route=\/wp\/v2\/media\/57157"}],"wp:attachment":[{"href":"https:\/\/alger16.dz\/index.php?rest_route=%2Fwp%2Fv2%2Fmedia&parent=57156"}],"wp:term":[{"taxonomy":"category","embeddable":true,"href":"https:\/\/alger16.dz\/index.php?rest_route=%2Fwp%2Fv2%2Fcategories&post=57156"},{"taxonomy":"post_tag","embeddable":true,"href":"https:\/\/alger16.dz\/index.php?rest_route=%2Fwp%2Fv2%2Ftags&post=57156"}],"curies":[{"name":"wp","href":"https:\/\/api.w.org\/{rel}","templated":true}]}}