{"id":57162,"date":"2026-03-14T14:02:00","date_gmt":"2026-03-14T14:02:00","guid":{"rendered":"https:\/\/alger16.dz\/?p=57162"},"modified":"2026-03-14T15:06:27","modified_gmt":"2026-03-14T15:06:27","slug":"lislande-et-les-pays-bas-rejoignent-la-plainte-de-lafrique-du-sud-contre-lentite-sioniste-pour-genocide-a-ghaza","status":"publish","type":"post","link":"https:\/\/alger16.dz\/?p=57162","title":{"rendered":"L&rsquo;Islande et les Pays-Bas rejoignent la plainte de l&rsquo;Afrique du Sud contre l&rsquo;entit\u00e9 sioniste pour g\u00e9nocide \u00e0 Ghaza"},"content":{"rendered":"\n<figure class=\"wp-block-image size-full\"><img loading=\"lazy\" decoding=\"async\" width=\"900\" height=\"675\" src=\"https:\/\/alger16.dz\/wp-content\/uploads\/2026\/03\/image-165.png\" alt=\"\" class=\"wp-image-57163\" srcset=\"https:\/\/alger16.dz\/wp-content\/uploads\/2026\/03\/image-165.png 900w, https:\/\/alger16.dz\/wp-content\/uploads\/2026\/03\/image-165-300x225.png 300w, https:\/\/alger16.dz\/wp-content\/uploads\/2026\/03\/image-165-768x576.png 768w\" sizes=\"auto, (max-width: 900px) 100vw, 900px\" \/><\/figure>\n\n\n\n<p><strong>Deux nouveaux pays europ\u00e9ens, l&rsquo;Islande et les Pays-Bas, ont annonc\u00e9 rejoindre la plainte pour g\u00e9nocide \u00e0 Ghaza \u00e0 l&rsquo;encontre de l&rsquo;entit\u00e9 sioniste, en cours d&rsquo;examen \u00e0 la Cour internationale de Justice (CIJ).<\/strong><\/p>\n\n\n\n<p>C&rsquo;est l\u2019Afrique du Sud qui a initialement saisi la CIJ, le 29 d\u00e9cembre 2023, au titre de la Convention pour la pr\u00e9vention et la r\u00e9pression du crime de g\u00e9nocide de 1948.<\/p>\n\n\n\n<p>Plusieurs pays ont depuis rejoint l&rsquo;Afrique du Sud dans sa plainte, et ces deux nouvelles interventions de l&rsquo;Islande et des Pays-Bas portent le nombre d&rsquo;Etats intervenants \u00e0 18, parmi lesquels l&rsquo;Espagne, l&rsquo;Irlande, le Br\u00e9sil, la Belgique et la Norv\u00e8ge.<\/p>\n\n\n\n<p>Depuis le d\u00e9p\u00f4t de la plainte, la Cour a rendu trois ordonnances de \u00ab\u00a0mesures conservatoires\u00a0\u00bb en janvier, mars et mai 2024, enjoignant l&rsquo;entit\u00e9 sioniste de pr\u00e9venir tout acte g\u00e9nocidaire et de mettre fin aux op\u00e9rations militaires \u00e0 Rafah.<\/p>\n\n\n\n<p>Ces ordonnances n&rsquo;ont pas \u00e9t\u00e9 respect\u00e9es par l&rsquo;entit\u00e9 sioniste, et certains pays membres de la CIJ n&rsquo;ont pas appliqu\u00e9 de sanctions ou mesures coercitives destin\u00e9es \u00e0 garantir le respect de ces recommandations.<\/p>\n\n\n\n<p>Au cours des derni\u00e8res audiences de la CIJ, l&rsquo;utilisation de la faim comme arme g\u00e9nocidaire est devenue centrale dans l&rsquo;accusation port\u00e9e contre l&rsquo;entit\u00e9 sioniste. Des experts ont pr\u00e9sent\u00e9 des rapports d\u00e9taill\u00e9s sur les conditions de vie \u00e0 l&rsquo;int\u00e9rieur de l&rsquo;enclave, indiquant que le blocage des convois de nourriture et la destruction des terres agricoles ont conduit \u00e0 une situation de catastrophe humanitaire sans pr\u00e9c\u00e9dent au 21\u00e8me si\u00e8cle.<\/p>\n\n\n\n<p>Dans le document d&rsquo;intervention publi\u00e9 pas les Pays-Bas, il est affirm\u00e9 que \u00ab\u00a0le d\u00e9placement forc\u00e9, la famine, la privation d&rsquo;aide humanitaire et les actes commis contre les enfants peuvent \u00eatre consid\u00e9r\u00e9s comme des actes de g\u00e9nocide\u00a0\u00bb, soulignant que ces pratiques \u00ab\u00a0peuvent jouer un r\u00f4le d\u00e9terminant dans l&rsquo;\u00e9tablissement de l&rsquo;intention g\u00e9nocidaire\u00a0\u00bb.<\/p>\n\n\n\n<p>Les Pays-Bas pr\u00e9cisent dans leur d\u00e9claration que les actes commis contre les enfants doivent \u00eatre \u00e9valu\u00e9s de mani\u00e8re sp\u00e9cifique, estimant que ces crimes peuvent rev\u00eatir une importance particuli\u00e8re pour d\u00e9montrer l&rsquo;intention g\u00e9nocidaire.<\/p>\n\n\n\n<p>Ces annonces pourraient accentuer l&rsquo;isolement de l&rsquo;entit\u00e9 sioniste sur la sc\u00e8ne juridique internationale, alors que le g\u00e9nocide se poursuit \u00e0 Ghaza, faisant 72.234 martyrs et 171.852 bless\u00e9s, en majorit\u00e9 des femmes et des enfants, depuis le 7 octobre 2023, selon un nouveau bilan communiqu\u00e9 samedi par les autorit\u00e9s sanitaires palestiniennes.<\/p>\n","protected":false},"excerpt":{"rendered":"<p>Deux nouveaux pays europ\u00e9ens, l&rsquo;Islande et les Pays-Bas, ont annonc\u00e9 rejoindre la plainte pour g\u00e9nocide \u00e0 Ghaza \u00e0 l&rsquo;encontre de l&rsquo;entit\u00e9 sioniste, en cours d&rsquo;examen \u00e0 la Cour internationale de Justice (CIJ). C&rsquo;est l\u2019Afrique du Sud qui a initialement saisi la CIJ, le 29 d\u00e9cembre 2023, au titre de la [&hellip;]<\/p>\n","protected":false},"author":3,"featured_media":57163,"comment_status":"closed","ping_status":"open","sticky":false,"template":"","format":"standard","meta":{"footnotes":""},"categories":[65],"tags":[220,114,308,167,4723,168,2799],"class_list":["post-57162","post","type-post","status-publish","format-standard","has-post-thumbnail","hentry","category-monde","tag-entite-sioniste","tag-gaza","tag-genocide","tag-ghaza","tag-islande","tag-palestine","tag-pays-bas"],"_links":{"self":[{"href":"https:\/\/alger16.dz\/index.php?rest_route=\/wp\/v2\/posts\/57162","targetHints":{"allow":["GET"]}}],"collection":[{"href":"https:\/\/alger16.dz\/index.php?rest_route=\/wp\/v2\/posts"}],"about":[{"href":"https:\/\/alger16.dz\/index.php?rest_route=\/wp\/v2\/types\/post"}],"author":[{"embeddable":true,"href":"https:\/\/alger16.dz\/index.php?rest_route=\/wp\/v2\/users\/3"}],"replies":[{"embeddable":true,"href":"https:\/\/alger16.dz\/index.php?rest_route=%2Fwp%2Fv2%2Fcomments&post=57162"}],"version-history":[{"count":1,"href":"https:\/\/alger16.dz\/index.php?rest_route=\/wp\/v2\/posts\/57162\/revisions"}],"predecessor-version":[{"id":57164,"href":"https:\/\/alger16.dz\/index.php?rest_route=\/wp\/v2\/posts\/57162\/revisions\/57164"}],"wp:featuredmedia":[{"embeddable":true,"href":"https:\/\/alger16.dz\/index.php?rest_route=\/wp\/v2\/media\/57163"}],"wp:attachment":[{"href":"https:\/\/alger16.dz\/index.php?rest_route=%2Fwp%2Fv2%2Fmedia&parent=57162"}],"wp:term":[{"taxonomy":"category","embeddable":true,"href":"https:\/\/alger16.dz\/index.php?rest_route=%2Fwp%2Fv2%2Fcategories&post=57162"},{"taxonomy":"post_tag","embeddable":true,"href":"https:\/\/alger16.dz\/index.php?rest_route=%2Fwp%2Fv2%2Ftags&post=57162"}],"curies":[{"name":"wp","href":"https:\/\/api.w.org\/{rel}","templated":true}]}}