{"id":57174,"date":"2026-03-14T15:45:00","date_gmt":"2026-03-14T15:45:00","guid":{"rendered":"https:\/\/alger16.dz\/?p=57174"},"modified":"2026-04-11T21:18:00","modified_gmt":"2026-04-11T21:18:00","slug":"le-general-darmee-said-chanegriha-inspecte-les-detachements-militaires-ayant-participe-a-loperation-qualitative-antiterroriste-a-tebessa","status":"publish","type":"post","link":"https:\/\/alger16.dz\/?p=57174","title":{"rendered":"Le G\u00e9n\u00e9ral d&rsquo;Arm\u00e9e Sa\u00efd Chanegriha inspecte les d\u00e9tachements militaires ayant particip\u00e9 \u00e0 l&rsquo;op\u00e9ration qualitative antiterroriste \u00e0 T\u00e9bessa"},"content":{"rendered":"\n<figure class=\"wp-block-image size-large\"><img loading=\"lazy\" decoding=\"async\" width=\"1024\" height=\"683\" src=\"https:\/\/alger16.dz\/wp-content\/uploads\/2026\/03\/image-169-1024x683.png\" alt=\"\" class=\"wp-image-57175\" srcset=\"https:\/\/alger16.dz\/wp-content\/uploads\/2026\/03\/image-169-1024x683.png 1024w, https:\/\/alger16.dz\/wp-content\/uploads\/2026\/03\/image-169-300x200.png 300w, https:\/\/alger16.dz\/wp-content\/uploads\/2026\/03\/image-169-768x512.png 768w, https:\/\/alger16.dz\/wp-content\/uploads\/2026\/03\/image-169.png 1080w\" sizes=\"auto, (max-width: 1024px) 100vw, 1024px\" \/><\/figure>\n\n\n\n<p><strong>Le G\u00e9n\u00e9ral d&rsquo;Arm\u00e9e, Sa\u00efd Chanegriha, ministre d\u00e9l\u00e9gu\u00e9 aupr\u00e8s du ministre de la D\u00e9fense nationale, Chef d&rsquo;Etat-Major de l&rsquo;Arm\u00e9e nationale populaire, s&rsquo;est rendu, samedi, en compagnie du Commandant de la 5e R\u00e9gion militaire, le G\u00e9n\u00e9ral-Major Noureddine Hambli, au Secteur militaire de T\u00e9bessa (5e R\u00e9gion militaire) pour inspecter les d\u00e9tachements militaires ayant particip\u00e9 \u00e0 l&rsquo;op\u00e9ration qualitative men\u00e9e dans le cadre de la lutte antiterroriste les 12 et 13 mars en cours, indique un communiqu\u00e9 du minist\u00e8re de la D\u00e9fense nationale.<\/strong><\/p>\n\n\n\n<p>\u00ab\u00a0Monsieur le G\u00e9n\u00e9ral d&rsquo;Arm\u00e9e, Sa\u00efd Chanegriha, ministre d\u00e9l\u00e9gu\u00e9 aupr\u00e8s du ministre de la D\u00e9fense nationale, Chef d&rsquo;Etat-Major de l&rsquo;Arm\u00e9e nationale populaire, s&rsquo;est rendu dans la matin\u00e9e d&rsquo;aujourd&rsquo;hui samedi 14 mars 2026, au Secteur militaire de T\u00e9bessa en 5\u00e8me R\u00e9gion militaire, en compagnie du G\u00e9n\u00e9ral-Major Noureddine Hambli, Commandant de la 5e R\u00e9gion militaire, afin d&rsquo;inspecter les d\u00e9tachements militaires ayant particip\u00e9 \u00e0 l&rsquo;op\u00e9ration qualitative men\u00e9e dans le cadre de la lutte antiterroriste les 12 et 13 mars 2026, et qui s&rsquo;est sold\u00e9e par la neutralisation de sept (7) terroristes et la r\u00e9cup\u00e9ration de sept (7) pistolets mitrailleurs de type Kalachnikov et une quantit\u00e9 de munitions et d&rsquo;autres effets\u00a0\u00bb, pr\u00e9cise la m\u00eame source.<\/p>\n\n\n\n<p>Le G\u00e9n\u00e9ral d&rsquo;arm\u00e9e s&rsquo;est adress\u00e9 aux personnels militaires, auxquels \u00ab\u00a0il a pr\u00e9sent\u00e9 ses condol\u00e9ances pour leurs camarades tomb\u00e9s au champ d&rsquo;honneur durant ce mois sacr\u00e9 du Ramadhan. Il a salu\u00e9 leur esprit de sacrifice et leur action h\u00e9ro\u00efque d\u00e9montr\u00e9s lors de cette op\u00e9ration, avant de leur transmettre les salutations et les f\u00e9licitations de Monsieur le pr\u00e9sident de la R\u00e9publique, Abdelmadjid Tebboune, Chef supr\u00eame des Forces arm\u00e9es, ministre de la D\u00e9fense nationale\u00a0\u00bb, note le communiqu\u00e9.<\/p>\n\n\n\n<p>Par la suite, le G\u00e9n\u00e9ral d&rsquo;Arm\u00e9e \u00ab\u00a0a prodigu\u00e9 un ensemble d&rsquo;orientations, exhortant l&rsquo;ensemble des personnels \u00e0 redoubler d&rsquo;efforts afin de pr\u00e9server la s\u00e9curit\u00e9 du pays et des citoyens et \u00e0 poursuivre la lutte contre les r\u00e9sidus des groupuscules terroristes avec d\u00e9termination et fiert\u00e9 envers ce devoir sacr\u00e9\u00a0\u00bb.<\/p>\n\n\n\n<p>Il a \u00e9galement soulign\u00e9 \u00ab\u00a0la justesse de l&rsquo;approche adopt\u00e9e dans la lutte contre les r\u00e9sidus des groupes terroristes en vue d&rsquo;\u00e9radiquer d\u00e9finitivement ce ph\u00e9nom\u00e8ne de notre pays\u00a0\u00bb, ajoute la m\u00eame source.<\/p>\n","protected":false},"excerpt":{"rendered":"<p>Le G\u00e9n\u00e9ral d&rsquo;Arm\u00e9e, Sa\u00efd Chanegriha, ministre d\u00e9l\u00e9gu\u00e9 aupr\u00e8s du ministre de la D\u00e9fense nationale, Chef d&rsquo;Etat-Major de l&rsquo;Arm\u00e9e nationale populaire, s&rsquo;est rendu, samedi, en compagnie du Commandant de la 5e R\u00e9gion militaire, le G\u00e9n\u00e9ral-Major Noureddine Hambli, au Secteur militaire de T\u00e9bessa (5e R\u00e9gion militaire) pour inspecter les d\u00e9tachements militaires ayant [&hellip;]<\/p>\n","protected":false},"author":3,"featured_media":57175,"comment_status":"closed","ping_status":"open","sticky":false,"template":"","format":"standard","meta":{"footnotes":""},"categories":[36],"tags":[810],"class_list":["post-57174","post","type-post","status-publish","format-standard","has-post-thumbnail","hentry","category-actualites","tag-general-darmee-said-chanegriha"],"_links":{"self":[{"href":"https:\/\/alger16.dz\/index.php?rest_route=\/wp\/v2\/posts\/57174","targetHints":{"allow":["GET"]}}],"collection":[{"href":"https:\/\/alger16.dz\/index.php?rest_route=\/wp\/v2\/posts"}],"about":[{"href":"https:\/\/alger16.dz\/index.php?rest_route=\/wp\/v2\/types\/post"}],"author":[{"embeddable":true,"href":"https:\/\/alger16.dz\/index.php?rest_route=\/wp\/v2\/users\/3"}],"replies":[{"embeddable":true,"href":"https:\/\/alger16.dz\/index.php?rest_route=%2Fwp%2Fv2%2Fcomments&post=57174"}],"version-history":[{"count":1,"href":"https:\/\/alger16.dz\/index.php?rest_route=\/wp\/v2\/posts\/57174\/revisions"}],"predecessor-version":[{"id":57176,"href":"https:\/\/alger16.dz\/index.php?rest_route=\/wp\/v2\/posts\/57174\/revisions\/57176"}],"wp:featuredmedia":[{"embeddable":true,"href":"https:\/\/alger16.dz\/index.php?rest_route=\/wp\/v2\/media\/57175"}],"wp:attachment":[{"href":"https:\/\/alger16.dz\/index.php?rest_route=%2Fwp%2Fv2%2Fmedia&parent=57174"}],"wp:term":[{"taxonomy":"category","embeddable":true,"href":"https:\/\/alger16.dz\/index.php?rest_route=%2Fwp%2Fv2%2Fcategories&post=57174"},{"taxonomy":"post_tag","embeddable":true,"href":"https:\/\/alger16.dz\/index.php?rest_route=%2Fwp%2Fv2%2Ftags&post=57174"}],"curies":[{"name":"wp","href":"https:\/\/api.w.org\/{rel}","templated":true}]}}