{"id":57189,"date":"2026-03-15T00:27:00","date_gmt":"2026-03-15T00:27:00","guid":{"rendered":"https:\/\/alger16.dz\/?p=57189"},"modified":"2026-03-15T01:33:41","modified_gmt":"2026-03-15T01:33:41","slug":"prix-dalgerie-pour-la-recitation-du-saint-coran-quand-la-recitation-coranique-rassemble-les-talents-a-alger","status":"publish","type":"post","link":"https:\/\/alger16.dz\/?p=57189","title":{"rendered":"\u00abPrix d\u2019Alg\u00e9rie pour la r\u00e9citation du Saint Coran\u00bb : Quand la r\u00e9citation coranique rassemble les talents \u00e0 Alger"},"content":{"rendered":"\n<figure class=\"wp-block-image size-large\"><img loading=\"lazy\" decoding=\"async\" width=\"1024\" height=\"683\" src=\"https:\/\/alger16.dz\/wp-content\/uploads\/2026\/03\/1-4-1024x683.jpg\" alt=\"\" class=\"wp-image-57190\" srcset=\"https:\/\/alger16.dz\/wp-content\/uploads\/2026\/03\/1-4-1024x683.jpg 1024w, https:\/\/alger16.dz\/wp-content\/uploads\/2026\/03\/1-4-300x200.jpg 300w, https:\/\/alger16.dz\/wp-content\/uploads\/2026\/03\/1-4-768x512.jpg 768w, https:\/\/alger16.dz\/wp-content\/uploads\/2026\/03\/1-4.jpg 1440w\" sizes=\"auto, (max-width: 1024px) 100vw, 1024px\" \/><\/figure>\n\n\n\n<p>Le ministre des Affaires religieuses et des Wakfs, Youcef Belmehdi, a dirig\u00e9 la c\u00e9r\u00e9monie inaugurale du \u00ab Prix d&rsquo;Alg\u00e9rie pour la r\u00e9citation du Saint Coran \u00bb jeudi soir \u00e0 Alger. Cet \u00e9v\u00e9nement est organis\u00e9 sous l&rsquo;\u00e9gide du pr\u00e9sident de la R\u00e9publique, M. Abdelmadjid Tebboune.<br>Cette comp\u00e9tition, dont les activit\u00e9s continueront jusqu&rsquo;\u00e0 demain, inclut la sixi\u00e8me \u00e9dition du concours national de r\u00e9citation, psalmodie et d&rsquo;ex\u00e9g\u00e8se du Saint Coran, ainsi que la vingt-deuxi\u00e8me \u00e9dition du concours encourageant les jeunes r\u00e9citants du Saint Coran.<br>Durant cet \u00e9v\u00e9nement, le ministre a d\u00e9clar\u00e9 que \u00ab l&rsquo;Alg\u00e9rie est d\u00e9sormais une destination convoit\u00e9e par les r\u00e9citateurs du Saint Coran provenant de tous les coins du globe \u00bb, mettant en \u00e9vidence que le pays compte des conseils Iqraa r\u00e9unissant \u00ab plus de 120 professeurs \u00e9minents sp\u00e9cialis\u00e9s dans la science des lectures coraniques \u00bb.<br>M. Belmehdi a salu\u00e9 les initiatives prises par l&rsquo;\u00c9tat, via le d\u00e9partement des affaires religieuses et des wakfs, ainsi que les institutions associ\u00e9es, en soulignant la pr\u00e9sence d&rsquo;universit\u00e9s \u00abayant des r\u00e9citants ma\u00eetrisant les dix lectures du Saint Coran \u00bb. Il a \u00e9galement mis en valeur le soutien accord\u00e9 aux \u00e9coles coraniques, aux zaou\u00efas et autres \u00e9tablissements d\u00e9di\u00e9s \u00e0 former des r\u00e9citants experts dans l&rsquo;art de la psalmodie et de la r\u00e9citation. Il a aussi soulign\u00e9 que l&rsquo;Alg\u00e9rie a obtenu des positions de premier plan dans plusieurs comp\u00e9titions internationales de m\u00e9morisation et de r\u00e9citation du Saint Coran.<br>Dans ce cadre, le ministre a lou\u00e9 l&rsquo;int\u00e9r\u00eat sp\u00e9cifique que porte le pr\u00e9sident de la R\u00e9publique \u00e0 ce concours, tout en soulignant \u00ab son appui \u00e0 tout ce qui peut consolider l&rsquo;attachement du peuple alg\u00e9rien \u00e0 son identit\u00e9 religieuse et nationale et \u00e0 sa v\u00e9ritable r\u00e9f\u00e9rence \u00bb.<br>De plus, M. Belmehdi a annonc\u00e9 que le d\u00e9cret concernant le Prix d&rsquo;Alg\u00e9rie pour la biographie du Proph\u00e8te (Sira nabaouia) sera divulgu\u00e9 \u00ab prochainement \u00bb. Le concours national du \u00abPrix d&rsquo;Alg\u00e9rie pour la r\u00e9citation du Saint Coran\u00bb a attir\u00e9 la participation de 15 candidats qui ont moins de 25 ans.<br>Le concours de jeunes r\u00e9citants du Saint Coran a, quant \u00e0 lui, attir\u00e9 quinze (15) participants, tous \u00e2g\u00e9s de moins de 15 ans. La cl\u00f4ture se d\u00e9roulera la nuit du 27 Ramadan.<br><strong>Amira Benhizia<\/strong><\/p>\n","protected":false},"excerpt":{"rendered":"<p>Le ministre des Affaires religieuses et des Wakfs, Youcef Belmehdi, a dirig\u00e9 la c\u00e9r\u00e9monie inaugurale du \u00ab Prix d&rsquo;Alg\u00e9rie pour la r\u00e9citation du Saint Coran \u00bb jeudi soir \u00e0 Alger. Cet \u00e9v\u00e9nement est organis\u00e9 sous l&rsquo;\u00e9gide du pr\u00e9sident de la R\u00e9publique, M. Abdelmadjid Tebboune.Cette comp\u00e9tition, dont les activit\u00e9s continueront jusqu&rsquo;\u00e0 [&hellip;]<\/p>\n","protected":false},"author":3,"featured_media":57190,"comment_status":"closed","ping_status":"open","sticky":false,"template":"","format":"standard","meta":{"footnotes":""},"categories":[53],"tags":[4726,1200],"class_list":["post-57189","post","type-post","status-publish","format-standard","has-post-thumbnail","hentry","category-societe","tag-saint-coran","tag-youcef-belmehdi"],"_links":{"self":[{"href":"https:\/\/alger16.dz\/index.php?rest_route=\/wp\/v2\/posts\/57189","targetHints":{"allow":["GET"]}}],"collection":[{"href":"https:\/\/alger16.dz\/index.php?rest_route=\/wp\/v2\/posts"}],"about":[{"href":"https:\/\/alger16.dz\/index.php?rest_route=\/wp\/v2\/types\/post"}],"author":[{"embeddable":true,"href":"https:\/\/alger16.dz\/index.php?rest_route=\/wp\/v2\/users\/3"}],"replies":[{"embeddable":true,"href":"https:\/\/alger16.dz\/index.php?rest_route=%2Fwp%2Fv2%2Fcomments&post=57189"}],"version-history":[{"count":1,"href":"https:\/\/alger16.dz\/index.php?rest_route=\/wp\/v2\/posts\/57189\/revisions"}],"predecessor-version":[{"id":57191,"href":"https:\/\/alger16.dz\/index.php?rest_route=\/wp\/v2\/posts\/57189\/revisions\/57191"}],"wp:featuredmedia":[{"embeddable":true,"href":"https:\/\/alger16.dz\/index.php?rest_route=\/wp\/v2\/media\/57190"}],"wp:attachment":[{"href":"https:\/\/alger16.dz\/index.php?rest_route=%2Fwp%2Fv2%2Fmedia&parent=57189"}],"wp:term":[{"taxonomy":"category","embeddable":true,"href":"https:\/\/alger16.dz\/index.php?rest_route=%2Fwp%2Fv2%2Fcategories&post=57189"},{"taxonomy":"post_tag","embeddable":true,"href":"https:\/\/alger16.dz\/index.php?rest_route=%2Fwp%2Fv2%2Ftags&post=57189"}],"curies":[{"name":"wp","href":"https:\/\/api.w.org\/{rel}","templated":true}]}}