{"id":57192,"date":"2026-03-15T00:33:00","date_gmt":"2026-03-15T00:33:00","guid":{"rendered":"https:\/\/alger16.dz\/?p=57192"},"modified":"2026-03-15T01:34:54","modified_gmt":"2026-03-15T01:34:54","slug":"ouargla-un-mort-et-huit-blesses-dans-un-accident-pres-de-hassi-messaoud","status":"publish","type":"post","link":"https:\/\/alger16.dz\/?p=57192","title":{"rendered":"Ouargla : un mort et huit bless\u00e9s dans un accident pr\u00e8s de Hassi-Messaoud"},"content":{"rendered":"\n<figure class=\"wp-block-image size-full\"><img loading=\"lazy\" decoding=\"async\" width=\"850\" height=\"480\" src=\"https:\/\/alger16.dz\/wp-content\/uploads\/2026\/03\/d_bd0b0d8cecbcd5e8582b09629db169da.jpg\" alt=\"\" class=\"wp-image-57193\" srcset=\"https:\/\/alger16.dz\/wp-content\/uploads\/2026\/03\/d_bd0b0d8cecbcd5e8582b09629db169da.jpg 850w, https:\/\/alger16.dz\/wp-content\/uploads\/2026\/03\/d_bd0b0d8cecbcd5e8582b09629db169da-300x169.jpg 300w, https:\/\/alger16.dz\/wp-content\/uploads\/2026\/03\/d_bd0b0d8cecbcd5e8582b09629db169da-768x434.jpg 768w\" sizes=\"auto, (max-width: 850px) 100vw, 850px\" \/><\/figure>\n\n\n\n<p>Une personne est d\u00e9c\u00e9d\u00e9e et huit autres ont \u00e9t\u00e9 bless\u00e9es dans un accident de la circulation survenu hier matin au niveau de la RN3, sur l&rsquo;axe d\u00e9pendant de Hassi-Messaoud et In-Amenas, selon un premier bilan de la Protection civile. L&rsquo;accident s&rsquo;est produit \u00e0 80 km de Hassi-Messaoud, suite \u00e0 une collision entre un camion semi-remorque et un bus de transport de voyageurs assurant la liaison Djanet-Constantine, a-t-on pr\u00e9cis\u00e9.<br>Une enqu\u00eate a \u00e9t\u00e9 ouverte par les services s\u00e9curitaires territorialement comp\u00e9tents pour d\u00e9terminer les circonstances de l&rsquo;accident.<\/p>\n","protected":false},"excerpt":{"rendered":"<p>Une personne est d\u00e9c\u00e9d\u00e9e et huit autres ont \u00e9t\u00e9 bless\u00e9es dans un accident de la circulation survenu hier matin au niveau de la RN3, sur l&rsquo;axe d\u00e9pendant de Hassi-Messaoud et In-Amenas, selon un premier bilan de la Protection civile. L&rsquo;accident s&rsquo;est produit \u00e0 80 km de Hassi-Messaoud, suite \u00e0 une [&hellip;]<\/p>\n","protected":false},"author":3,"featured_media":57193,"comment_status":"closed","ping_status":"open","sticky":false,"template":"","format":"standard","meta":{"footnotes":""},"categories":[112],"tags":[2170,992],"class_list":["post-57192","post","type-post","status-publish","format-standard","has-post-thumbnail","hentry","category-regions","tag-accident-de-la-route","tag-ouargla"],"_links":{"self":[{"href":"https:\/\/alger16.dz\/index.php?rest_route=\/wp\/v2\/posts\/57192","targetHints":{"allow":["GET"]}}],"collection":[{"href":"https:\/\/alger16.dz\/index.php?rest_route=\/wp\/v2\/posts"}],"about":[{"href":"https:\/\/alger16.dz\/index.php?rest_route=\/wp\/v2\/types\/post"}],"author":[{"embeddable":true,"href":"https:\/\/alger16.dz\/index.php?rest_route=\/wp\/v2\/users\/3"}],"replies":[{"embeddable":true,"href":"https:\/\/alger16.dz\/index.php?rest_route=%2Fwp%2Fv2%2Fcomments&post=57192"}],"version-history":[{"count":1,"href":"https:\/\/alger16.dz\/index.php?rest_route=\/wp\/v2\/posts\/57192\/revisions"}],"predecessor-version":[{"id":57194,"href":"https:\/\/alger16.dz\/index.php?rest_route=\/wp\/v2\/posts\/57192\/revisions\/57194"}],"wp:featuredmedia":[{"embeddable":true,"href":"https:\/\/alger16.dz\/index.php?rest_route=\/wp\/v2\/media\/57193"}],"wp:attachment":[{"href":"https:\/\/alger16.dz\/index.php?rest_route=%2Fwp%2Fv2%2Fmedia&parent=57192"}],"wp:term":[{"taxonomy":"category","embeddable":true,"href":"https:\/\/alger16.dz\/index.php?rest_route=%2Fwp%2Fv2%2Fcategories&post=57192"},{"taxonomy":"post_tag","embeddable":true,"href":"https:\/\/alger16.dz\/index.php?rest_route=%2Fwp%2Fv2%2Ftags&post=57192"}],"curies":[{"name":"wp","href":"https:\/\/api.w.org\/{rel}","templated":true}]}}