{"id":57195,"date":"2026-03-15T00:36:00","date_gmt":"2026-03-15T00:36:00","guid":{"rendered":"https:\/\/alger16.dz\/?p=57195"},"modified":"2026-03-15T01:45:17","modified_gmt":"2026-03-15T01:45:17","slug":"maintien-de-la-fermeture-de-la-mosquee-al-aqsa-au-ramadan-vive-condamnation-de-lunion-interparlementaire-arabe","status":"publish","type":"post","link":"https:\/\/alger16.dz\/?p=57195","title":{"rendered":"Maintien de la fermeture de la mosqu\u00e9e Al-Aqsa au Ramadan : Vive condamnation de l\u2019Union interparlementaire arabe"},"content":{"rendered":"\n<figure class=\"wp-block-image size-full\"><img loading=\"lazy\" decoding=\"async\" width=\"783\" height=\"538\" src=\"https:\/\/alger16.dz\/wp-content\/uploads\/2026\/03\/boughali.jpg\" alt=\"\" class=\"wp-image-57196\" srcset=\"https:\/\/alger16.dz\/wp-content\/uploads\/2026\/03\/boughali.jpg 783w, https:\/\/alger16.dz\/wp-content\/uploads\/2026\/03\/boughali-300x206.jpg 300w, https:\/\/alger16.dz\/wp-content\/uploads\/2026\/03\/boughali-768x528.jpg 768w\" sizes=\"auto, (max-width: 783px) 100vw, 783px\" \/><\/figure>\n\n\n\n<p><strong>Le pr\u00e9sident de l\u2019Union interparlementaire arabe (UIPA) et de l\u2019Assembl\u00e9e populaire nationale (APN), Brahim Boughali, a exprim\u00e9, vendredi dernier, sa profonde inqui\u00e9tude et sa ferme condamnation face \u00e0 la d\u00e9cision des autorit\u00e9s d\u2019occupation de maintenir la fermeture des portes de la mosqu\u00e9e Al-Aqsa aux fid\u00e8les musulmans durant le mois sacr\u00e9 de Ramadan.<\/strong><\/p>\n\n\n\n<p>Dans un communiqu\u00e9 publi\u00e9 au nom de l\u2019UIPA, M. Boughali a estim\u00e9 que ces pratiques constituent \u00ab une atteinte manifeste \u00e0 la sacralit\u00e9 de ce mois b\u00e9ni \u00bb, ainsi qu\u2019\u00e0 l\u2019importance religieuse et historique de la mosqu\u00e9e Al-Aqsa, premi\u00e8re qibla et troisi\u00e8me lieu saint de l\u2019Islam. Selon lui, ces mesures heurtent \u00e9galement les sentiments de centaines de millions de musulmans \u00e0 travers le monde.<br>Le responsable a soulign\u00e9 que ces actions \u00ab portent gravement atteinte au statu quo historique et juridique \u00e0 Al-Qods et \u00e0 la mosqu\u00e9e Al-Aqsa \u00bb. Elles repr\u00e9sentent, selon lui, une violation flagrante du droit international ainsi que des r\u00e9solutions pertinentes de la l\u00e9galit\u00e9 internationale, notamment celles r\u00e9affirmant la nullit\u00e9 de toute tentative visant \u00e0 modifier l\u2019identit\u00e9 arabe, islamique et chr\u00e9tienne de la ville sainte ou \u00e0 porter atteinte \u00e0 la libert\u00e9 de culte dans les territoires palestiniens occup\u00e9s.<br>L\u2019Union interparlementaire arabe a, dans ce cadre, r\u00e9affirm\u00e9 son attachement aux droits inali\u00e9nables du peuple palestinien, en particulier son droit \u00e0 \u00e9tablir un \u00c9tat ind\u00e9pendant et souverain dans les fronti\u00e8res du 4 juin 1967, avec Al-Qods pour capitale.<br>L\u2019organisation a \u00e9galement rappel\u00e9 que la mosqu\u00e9e Al-Aqsa, dans son int\u00e9gralit\u00e9, constitue un lieu exclusivement d\u00e9di\u00e9 au culte musulman. Elle a insist\u00e9 sur le fait que la gestion de ses affaires religieuses et de ses biens de waqf rel\u00e8ve exclusivement du D\u00e9partement des waqfs islamiques d\u2019El-Qods, rattach\u00e9 au minist\u00e8re jordanien des Waqfs, conform\u00e9ment au statu quo historique et aux accords internationaux en vigueur.<br>Dans ce contexte, l\u2019UIPA a fermement d\u00e9nonc\u00e9 la d\u00e9cision des autorit\u00e9s d\u2019occupation de maintenir les portes de la mosqu\u00e9e ferm\u00e9es, emp\u00eachant ainsi les fid\u00e8les d\u2019y accomplir leurs rites religieux. Elle a qualifi\u00e9 cette d\u00e9cision \u00ab d\u2019acte hostile et de provocation dangereuse portant atteinte \u00e0 la libert\u00e9 religieuse \u00bb, susceptible d\u2019accro\u00eetre les tensions et l\u2019instabilit\u00e9 dans la r\u00e9gion.<br>L\u2019organisation a \u00e9galement exprim\u00e9 son rejet de toute mesure unilat\u00e9rale visant les lieux saints musulmans ou chr\u00e9tiens \u00e0 Al-Qods, appelant \u00e0 l\u2019annulation imm\u00e9diate de ces d\u00e9cisions et \u00e0 la cessation de toutes les agressions contre la mosqu\u00e9e Al-Aqsa et les autres symboles religieux.<br>Selon le communiqu\u00e9, la poursuite de telles pratiques pendant le mois sacr\u00e9 de Ramadan constitue une provocation \u00e0 l\u2019\u00e9gard des musulmans du monde entier et pourrait alimenter les tensions religieuses dans la r\u00e9gion. L\u2019UIPA a ainsi tenu les autorit\u00e9s d\u2019occupation pour pleinement responsables de toute cons\u00e9quence grave pouvant d\u00e9couler de ces agissements.<br>Par ailleurs, l\u2019organisation a appel\u00e9 la communaut\u00e9 internationale, notamment le Conseil de s\u00e9curit\u00e9 des Nations unies, l\u2019Assembl\u00e9e g\u00e9n\u00e9rale des Nations unies, l\u2019Organisation de la coop\u00e9ration islamique (OCI), ainsi que les instances parlementaires r\u00e9gionales et internationales, \u00e0 assumer leurs responsabilit\u00e9s juridiques et morales.<br>Elle les a exhort\u00e9es \u00e0 exercer des pressions effectives sur les autorit\u00e9s d\u2019occupation afin d\u2019obtenir la r\u00e9ouverture de la mosqu\u00e9e aux fid\u00e8les musulmans et d\u2019assurer une protection internationale au peuple palestinien et \u00e0 ses lieux saints.<br>Enfin, l\u2019UIPA a salu\u00e9 la r\u00e9sistance et la d\u00e9termination du peuple palestinien \u00e0 Al-Qods et dans l\u2019ensemble des territoires palestiniens occup\u00e9s, tout en rendant hommage aux fid\u00e8les qui maintiennent une pr\u00e9sence constante aux abords de la mosqu\u00e9e Al-Aqsa afin de pr\u00e9server son identit\u00e9 arabo-musulmane.<br>L\u2019organisation a conclu son communiqu\u00e9 en affirmant que la question d\u2019Al-Qods et de la mosqu\u00e9e Al-Aqsa demeurera au c\u0153ur de ses priorit\u00e9s. Elle a r\u00e9it\u00e9r\u00e9 son engagement \u00e0 poursuivre la coordination des efforts parlementaires arabes et internationaux pour prot\u00e9ger la ville sainte et ses lieux sacr\u00e9s jusqu\u2019\u00e0 ce que le peuple palestinien obtienne sa libert\u00e9, son ind\u00e9pendance et que la justice, fond\u00e9e sur les lois divines et le droit international, soit r\u00e9tablie.<br><strong>Abir Menasria<\/strong><\/p>\n","protected":false},"excerpt":{"rendered":"<p>Le pr\u00e9sident de l\u2019Union interparlementaire arabe (UIPA) et de l\u2019Assembl\u00e9e populaire nationale (APN), Brahim Boughali, a exprim\u00e9, vendredi dernier, sa profonde inqui\u00e9tude et sa ferme condamnation face \u00e0 la d\u00e9cision des autorit\u00e9s d\u2019occupation de maintenir la fermeture des portes de la mosqu\u00e9e Al-Aqsa aux fid\u00e8les musulmans durant le mois sacr\u00e9 [&hellip;]<\/p>\n","protected":false},"author":3,"featured_media":57196,"comment_status":"closed","ping_status":"open","sticky":false,"template":"","format":"standard","meta":{"footnotes":""},"categories":[65],"tags":[1193,315,395],"class_list":["post-57195","post","type-post","status-publish","format-standard","has-post-thumbnail","hentry","category-monde","tag-al-aqsa","tag-brahim-boughali","tag-uipa"],"_links":{"self":[{"href":"https:\/\/alger16.dz\/index.php?rest_route=\/wp\/v2\/posts\/57195","targetHints":{"allow":["GET"]}}],"collection":[{"href":"https:\/\/alger16.dz\/index.php?rest_route=\/wp\/v2\/posts"}],"about":[{"href":"https:\/\/alger16.dz\/index.php?rest_route=\/wp\/v2\/types\/post"}],"author":[{"embeddable":true,"href":"https:\/\/alger16.dz\/index.php?rest_route=\/wp\/v2\/users\/3"}],"replies":[{"embeddable":true,"href":"https:\/\/alger16.dz\/index.php?rest_route=%2Fwp%2Fv2%2Fcomments&post=57195"}],"version-history":[{"count":1,"href":"https:\/\/alger16.dz\/index.php?rest_route=\/wp\/v2\/posts\/57195\/revisions"}],"predecessor-version":[{"id":57197,"href":"https:\/\/alger16.dz\/index.php?rest_route=\/wp\/v2\/posts\/57195\/revisions\/57197"}],"wp:featuredmedia":[{"embeddable":true,"href":"https:\/\/alger16.dz\/index.php?rest_route=\/wp\/v2\/media\/57196"}],"wp:attachment":[{"href":"https:\/\/alger16.dz\/index.php?rest_route=%2Fwp%2Fv2%2Fmedia&parent=57195"}],"wp:term":[{"taxonomy":"category","embeddable":true,"href":"https:\/\/alger16.dz\/index.php?rest_route=%2Fwp%2Fv2%2Fcategories&post=57195"},{"taxonomy":"post_tag","embeddable":true,"href":"https:\/\/alger16.dz\/index.php?rest_route=%2Fwp%2Fv2%2Ftags&post=57195"}],"curies":[{"name":"wp","href":"https:\/\/api.w.org\/{rel}","templated":true}]}}