{"id":57204,"date":"2026-03-15T00:15:00","date_gmt":"2026-03-15T00:15:00","guid":{"rendered":"https:\/\/alger16.dz\/?p=57204"},"modified":"2026-04-11T21:18:00","modified_gmt":"2026-04-11T21:18:00","slug":"distribution-des-nouveaux-autobus-plus-de-la-moitie-des-wilayas-equipees-en-quinze-jours","status":"publish","type":"post","link":"https:\/\/alger16.dz\/?p=57204","title":{"rendered":"Distribution des nouveaux autobus : Plus de la moiti\u00e9 des wilayas \u00e9quip\u00e9es en quinze jours"},"content":{"rendered":"\n<figure class=\"wp-block-image size-large\"><img loading=\"lazy\" decoding=\"async\" width=\"1024\" height=\"576\" src=\"https:\/\/alger16.dz\/wp-content\/uploads\/2026\/03\/bus-1-1024x576.jpg\" alt=\"\" class=\"wp-image-57205\" srcset=\"https:\/\/alger16.dz\/wp-content\/uploads\/2026\/03\/bus-1-1024x576.jpg 1024w, https:\/\/alger16.dz\/wp-content\/uploads\/2026\/03\/bus-1-300x169.jpg 300w, https:\/\/alger16.dz\/wp-content\/uploads\/2026\/03\/bus-1-768x432.jpg 768w, https:\/\/alger16.dz\/wp-content\/uploads\/2026\/03\/bus-1.jpg 1280w\" sizes=\"auto, (max-width: 1024px) 100vw, 1024px\" \/><\/figure>\n\n\n\n<p><strong>La distribution des autobus import\u00e9s ces derniers mois dans le cadre du programme de renouvellement de la flotte nationale de transport public d\u00e9butera dans les prochains jours.<\/strong><\/p>\n\n\n\n<p>L\u2019annonce a \u00e9t\u00e9 faite par le ministre de l\u2019Int\u00e9rieur, des Collectivit\u00e9s locales et des Transports, Sa\u00efd Sayoud, lors de la s\u00e9ance pl\u00e9ni\u00e8re consacr\u00e9e aux questions orales \u00e0 l\u2019Assembl\u00e9e populaire nationale (APN).<br>Selon le ministre, une part importante des 10 000 v\u00e9hicules pr\u00e9vus par ce programme est d\u00e9j\u00e0 r\u00e9ceptionn\u00e9e. Leur r\u00e9partition entre les diff\u00e9rentes wilayas, notamment au profit des \u00c9tablissements publics de transport urbain et suburbain (Etus), devrait s\u2019effectuer rapidement. Plus de la moiti\u00e9 des wilayas devraient ainsi \u00eatre \u00e9quip\u00e9es avant la fin du mois de mars.<br>R\u00e9pondant aux d\u00e9put\u00e9s, Sa\u00efd Sayoud a pr\u00e9cis\u00e9 que le programme de distribution vise \u00e0 couvrir entre 50 et 60% des wilayas dans les quinze prochains jours. Cette rapidit\u00e9 d\u2019ex\u00e9cution est rendue possible par le stockage pr\u00e9alable d\u2019une grande partie des v\u00e9hicules dans plusieurs zones de d\u00e9p\u00f4t \u00e0 travers le pays.<br>Les premi\u00e8res wilayas concern\u00e9es seront celles qui enregistrent la plus forte densit\u00e9 de population, notamment Annaba, Constantine, Alger, Oran et S\u00e9tif. Dans une seconde phase, la distribution s\u2019\u00e9tendra aux autres wilayas, parall\u00e8lement \u00e0 la r\u00e9ception progressive du reste des autobus et en fonction des besoins et des sp\u00e9cificit\u00e9s de chaque r\u00e9gion.<br>\u00c0 travers ce programme, les autorit\u00e9s entendent moderniser et renforcer les capacit\u00e9s des Etus, en particulier dans les grandes villes. L\u2019objectif affich\u00e9 est d\u2019am\u00e9liorer la qualit\u00e9 du service de transport public et d\u2019offrir de meilleures conditions de confort aux usagers. Cette op\u00e9ration devrait \u00e9galement s\u2019accompagner d\u2019une r\u00e9organisation des lignes et d\u2019une attention particuli\u00e8re \u00e0 la rentabilit\u00e9 du r\u00e9seau.<br>D\u00e9cid\u00e9 et annonc\u00e9 en ao\u00fbt 2025 par le pr\u00e9sident de la R\u00e9publique, le programme d\u2019importation de 10 000 autobus comprend des v\u00e9hicules de diff\u00e9rents types et capacit\u00e9s afin de r\u00e9pondre aux besoins de l\u2019ensemble des r\u00e9gions du pays.<\/p>\n\n\n\n<p><strong>Des v\u00e9hicules de 24 \u00e0 100 places<br><\/strong>Le ministre a pr\u00e9cis\u00e9 qu\u2019une partie des autobus import\u00e9s est sp\u00e9cialement adapt\u00e9e aux zones montagneuses, notamment dans les wilayas de B\u00e9ja\u00efa, Bouira, Skikda ou encore dans les hauteurs de Collo. D\u2019autres seront affect\u00e9s en priorit\u00e9 aux lignes des r\u00e9gions du Sud.<br>La flotte comprend une large gamme de v\u00e9hicules, allant de 24 \u00e0 100 places. Les bus de petite capacit\u00e9 seront principalement destin\u00e9s aux zones difficiles d\u2019acc\u00e8s et aux lignes \u00e0 faible affluence. Cette strat\u00e9gie vise \u00e0 r\u00e9duire les co\u00fbts d\u2019exploitation tout en augmentant la fr\u00e9quence des rotations.<br>En effet, sur les lignes peu fr\u00e9quent\u00e9es, un bus de 100 places ne peut g\u00e9n\u00e9ralement effectuer qu\u2019un d\u00e9part toutes les heures, voire davantage. En revanche, l\u2019utilisation de v\u00e9hicules plus petits, notamment ceux de 24 places, permettra d\u2019envisager des rotations toutes les 30 minutes, am\u00e9liorant ainsi la disponibilit\u00e9 du service pour les usagers tout en optimisant la rentabilit\u00e9 du r\u00e9seau. <br><strong>R.\u2008S.<\/strong><\/p>\n","protected":false},"excerpt":{"rendered":"<p>La distribution des autobus import\u00e9s ces derniers mois dans le cadre du programme de renouvellement de la flotte nationale de transport public d\u00e9butera dans les prochains jours. L\u2019annonce a \u00e9t\u00e9 faite par le ministre de l\u2019Int\u00e9rieur, des Collectivit\u00e9s locales et des Transports, Sa\u00efd Sayoud, lors de la s\u00e9ance pl\u00e9ni\u00e8re consacr\u00e9e [&hellip;]<\/p>\n","protected":false},"author":3,"featured_media":57205,"comment_status":"closed","ping_status":"open","sticky":false,"template":"","format":"standard","meta":{"footnotes":""},"categories":[53],"tags":[4728],"class_list":["post-57204","post","type-post","status-publish","format-standard","has-post-thumbnail","hentry","category-societe","tag-autobus"],"_links":{"self":[{"href":"https:\/\/alger16.dz\/index.php?rest_route=\/wp\/v2\/posts\/57204","targetHints":{"allow":["GET"]}}],"collection":[{"href":"https:\/\/alger16.dz\/index.php?rest_route=\/wp\/v2\/posts"}],"about":[{"href":"https:\/\/alger16.dz\/index.php?rest_route=\/wp\/v2\/types\/post"}],"author":[{"embeddable":true,"href":"https:\/\/alger16.dz\/index.php?rest_route=\/wp\/v2\/users\/3"}],"replies":[{"embeddable":true,"href":"https:\/\/alger16.dz\/index.php?rest_route=%2Fwp%2Fv2%2Fcomments&post=57204"}],"version-history":[{"count":1,"href":"https:\/\/alger16.dz\/index.php?rest_route=\/wp\/v2\/posts\/57204\/revisions"}],"predecessor-version":[{"id":57206,"href":"https:\/\/alger16.dz\/index.php?rest_route=\/wp\/v2\/posts\/57204\/revisions\/57206"}],"wp:featuredmedia":[{"embeddable":true,"href":"https:\/\/alger16.dz\/index.php?rest_route=\/wp\/v2\/media\/57205"}],"wp:attachment":[{"href":"https:\/\/alger16.dz\/index.php?rest_route=%2Fwp%2Fv2%2Fmedia&parent=57204"}],"wp:term":[{"taxonomy":"category","embeddable":true,"href":"https:\/\/alger16.dz\/index.php?rest_route=%2Fwp%2Fv2%2Fcategories&post=57204"},{"taxonomy":"post_tag","embeddable":true,"href":"https:\/\/alger16.dz\/index.php?rest_route=%2Fwp%2Fv2%2Ftags&post=57204"}],"curies":[{"name":"wp","href":"https:\/\/api.w.org\/{rel}","templated":true}]}}