{"id":57210,"date":"2026-03-15T00:20:00","date_gmt":"2026-03-15T00:20:00","guid":{"rendered":"https:\/\/alger16.dz\/?p=57210"},"modified":"2026-04-11T21:18:00","modified_gmt":"2026-04-11T21:18:00","slug":"pensions-des-retraites-une-augmentation-de-10-a-partir-du-1er-mai","status":"publish","type":"post","link":"https:\/\/alger16.dz\/?p=57210","title":{"rendered":"Pensions des retrait\u00e9s : Une augmentation de 10 % \u00e0 partir du 1er mai"},"content":{"rendered":"\n<figure class=\"wp-block-image size-full\"><img loading=\"lazy\" decoding=\"async\" width=\"960\" height=\"640\" src=\"https:\/\/alger16.dz\/wp-content\/uploads\/2026\/03\/cnr.jpg\" alt=\"\" class=\"wp-image-57211\" srcset=\"https:\/\/alger16.dz\/wp-content\/uploads\/2026\/03\/cnr.jpg 960w, https:\/\/alger16.dz\/wp-content\/uploads\/2026\/03\/cnr-300x200.jpg 300w, https:\/\/alger16.dz\/wp-content\/uploads\/2026\/03\/cnr-768x512.jpg 768w\" sizes=\"auto, (max-width: 960px) 100vw, 960px\" \/><\/figure>\n\n\n\n<p><strong>Le gouvernement poursuit le renforcement de sa politique sociale avec l\u2019annonce officielle de l\u2019entr\u00e9e en vigueur de la revalorisation des pensions de retraite. Le ministre du Travail, de l\u2019Emploi et de la S\u00e9curit\u00e9 sociale, Abdelhak Saihi, a confirm\u00e9 jeudi dernier que les pensions des retrait\u00e9s b\u00e9n\u00e9ficieront d\u2019une augmentation de 10%, conform\u00e9ment \u00e0 la d\u00e9cision prise par le pr\u00e9sident de la R\u00e9publique, Abdelmadjid Tebboune, lors d\u2019une r\u00e9union du Conseil des ministres.<\/strong><\/p>\n\n\n\n<p>Lors d\u2019une s\u00e9ance pl\u00e9ni\u00e8re consacr\u00e9e aux questions orales \u00e0 l\u2019Assembl\u00e9e populaire nationale, le ministre a pr\u00e9cis\u00e9 que cette revalorisation entrera officiellement en vigueur \u00e0 partir du 1er mai prochain, sois la date habituelle d\u2019augmentation des retraites.<br>Selon le ministre, cette augmentation concerne l\u2019ensemble des retrait\u00e9s affili\u00e9s au syst\u00e8me national de retraite. Elle s\u2019inscrit dans une approche globale visant \u00e0 renforcer la solidarit\u00e9 nationale et \u00e0 soutenir les cat\u00e9gories sociales les plus expos\u00e9es aux fluctuations \u00e9conomiques et \u00e0 la hausse du co\u00fbt de la vie.<br>Dans son intervention, Abdelhak Saihi a soulign\u00e9 que cette d\u00e9cision traduit la volont\u00e9 des pouvoirs publics de consolider les m\u00e9canismes de protection sociale et de garantir des conditions de vie dignes aux retrait\u00e9s, qui constituent une composante essentielle du tissu social national.<br>La revalorisation des pensions s\u2019inscrit \u00e9galement dans la continuit\u00e9 des r\u00e9formes engag\u00e9es ces derni\u00e8res ann\u00e9es pour adapter le syst\u00e8me de s\u00e9curit\u00e9 sociale aux transformations \u00e9conomiques et d\u00e9mographiques.<br>Aujourd\u2019hui, les retrait\u00e9s figurent parmi les populations particuli\u00e8rement concern\u00e9es par la question du pouvoir d\u2019achat. La revalorisation des pensions appara\u00eet ainsi comme une r\u00e9ponse directe aux pr\u00e9occupations exprim\u00e9es par de nombreux citoyens quant \u00e0 la pr\u00e9servation de leur niveau de vie apr\u00e8s la fin de leur activit\u00e9 professionnelle.<\/p>\n\n\n\n<p><strong>La question de la retraite anticip\u00e9e relanc\u00e9e<br><\/strong>L\u2019intervention du ministre du Travail, Abdelhak Saihi, s\u2019inscrivait \u00e9galement dans le cadre de sa r\u00e9ponse \u00e0 une question orale soulev\u00e9e par la d\u00e9put\u00e9e Khadidja Belkadi. Cette derni\u00e8re a interpell\u00e9 le gouvernement au sujet du dispositif de retraite proportionnelle, un m\u00e9canisme permettant aux travailleurs de partir \u00e0 la retraite apr\u00e8s 32 ann\u00e9es d\u2019activit\u00e9, sans condition d\u2019\u00e2ge.<br>Suspendu dans le cadre de la r\u00e9forme du syst\u00e8me national de retraite engag\u00e9e ces derni\u00e8res ann\u00e9es, ce dispositif continue d\u2019alimenter les d\u00e9bats au sein de l\u2019Assembl\u00e9e populaire nationale. Plusieurs parlementaires plaident en faveur de sa r\u00e9introduction, estimant qu\u2019il offrirait davantage de souplesse aux salari\u00e9s ayant accompli de longues carri\u00e8res professionnelles, notamment dans les secteurs caract\u00e9ris\u00e9s par des conditions de travail exigeantes.<br>Pour ses partisans, la retraite proportionnelle constitue un instrument d\u2019\u00e9quit\u00e9 sociale permettant de reconna\u00eetre l\u2019effort de travailleurs ayant commenc\u00e9 leur activit\u00e9 tr\u00e8s t\u00f4t et accumul\u00e9 plusieurs d\u00e9cennies de cotisations. Ils consid\u00e8rent que ce m\u00e9canisme pourrait \u00e9galement contribuer \u00e0 une meilleure gestion des parcours professionnels, en offrant des options de sortie plus adapt\u00e9es \u00e0 certaines cat\u00e9gories de salari\u00e9s.<br>Sans annoncer de modification imm\u00e9diate du dispositif, le ministre du Travail a toutefois indiqu\u00e9 que les autorit\u00e9s publiques demeurent attentives aux pr\u00e9occupations exprim\u00e9es par les repr\u00e9sentants de la nation concernant l\u2019\u00e9volution du syst\u00e8me de retraite.<br>Il a rappel\u00e9 que toute r\u00e9flexion sur une \u00e9ventuelle r\u00e9introduction de ce m\u00e9canisme doit tenir compte d\u2019un param\u00e8tre central : l\u2019\u00e9quilibre financier de la Caisse nationale des retraites. Dans un contexte marqu\u00e9 par des transformations d\u00e9mographiques et \u00e9conomiques, la soutenabilit\u00e9 du syst\u00e8me constitue en effet l\u2019un des principaux enjeux pour les pouvoirs publics.<br>La question du financement des pensions, combin\u00e9e \u00e0 l\u2019\u00e9volution du march\u00e9 du travail et \u00e0 l\u2019allongement de l\u2019esp\u00e9rance de vie, impose une approche prudente dans l\u2019adaptation des dispositifs de d\u00e9part \u00e0 la retraite.<\/p>\n\n\n\n<p><strong>Une strat\u00e9gie sociale \u00e9largie<br><\/strong>Au-del\u00e0 de cette mesure, l\u2019\u00c9tat poursuit une strat\u00e9gie sociale plus large visant \u00e0 consolider les m\u00e9canismes de solidarit\u00e9 nationale. Plusieurs dispositifs ont \u00e9t\u00e9 mis en place ou renforc\u00e9s r\u00e9cemment, notamment au profit des travailleurs, des demandeurs d\u2019emploi et des familles \u00e0 revenus modestes.<br>Cette orientation s\u2019inscrit dans la vision des autorit\u00e9s visant \u00e0 faire de la protection sociale un pilier central de la stabilit\u00e9 \u00e9conomique et sociale. Dans ce cadre, les politiques publiques cherchent \u00e0 concilier croissance \u00e9conomique, inclusion sociale et am\u00e9lioration progressive des conditions de vie des citoyens.<br>En confirmant l\u2019entr\u00e9e en vigueur de la revalorisation des pensions \u00e0 compter du 1er mai, le gouvernement entend ainsi traduire dans les faits les engagements pris en faveur du soutien aux retrait\u00e9s. Cette mesure illustre la volont\u00e9 des pouvoirs publics de maintenir un mod\u00e8le social fond\u00e9 sur la solidarit\u00e9 et la redistribution.<br>Dans un contexte marqu\u00e9 par de profondes transformations \u00e9conomiques \u00e0 l\u2019\u00e9chelle mondiale, la consolidation des dispositifs de protection sociale appara\u00eet plus que jamais comme un levier strat\u00e9gique pour pr\u00e9server la coh\u00e9sion nationale et accompagner les \u00e9volutions du mod\u00e8le de d\u00e9veloppement du pays.<br><strong>G. Salah Eddine<\/strong><\/p>\n","protected":false},"excerpt":{"rendered":"<p>Le gouvernement poursuit le renforcement de sa politique sociale avec l\u2019annonce officielle de l\u2019entr\u00e9e en vigueur de la revalorisation des pensions de retraite. Le ministre du Travail, de l\u2019Emploi et de la S\u00e9curit\u00e9 sociale, Abdelhak Saihi, a confirm\u00e9 jeudi dernier que les pensions des retrait\u00e9s b\u00e9n\u00e9ficieront d\u2019une augmentation de 10%, [&hellip;]<\/p>\n","protected":false},"author":3,"featured_media":57247,"comment_status":"closed","ping_status":"open","sticky":false,"template":"","format":"standard","meta":{"footnotes":""},"categories":[63],"tags":[85,4729],"class_list":["post-57210","post","type-post","status-publish","format-standard","has-post-thumbnail","hentry","category-economie","tag-abdelhak-saihi","tag-pensions-des-retraites"],"_links":{"self":[{"href":"https:\/\/alger16.dz\/index.php?rest_route=\/wp\/v2\/posts\/57210","targetHints":{"allow":["GET"]}}],"collection":[{"href":"https:\/\/alger16.dz\/index.php?rest_route=\/wp\/v2\/posts"}],"about":[{"href":"https:\/\/alger16.dz\/index.php?rest_route=\/wp\/v2\/types\/post"}],"author":[{"embeddable":true,"href":"https:\/\/alger16.dz\/index.php?rest_route=\/wp\/v2\/users\/3"}],"replies":[{"embeddable":true,"href":"https:\/\/alger16.dz\/index.php?rest_route=%2Fwp%2Fv2%2Fcomments&post=57210"}],"version-history":[{"count":1,"href":"https:\/\/alger16.dz\/index.php?rest_route=\/wp\/v2\/posts\/57210\/revisions"}],"predecessor-version":[{"id":57212,"href":"https:\/\/alger16.dz\/index.php?rest_route=\/wp\/v2\/posts\/57210\/revisions\/57212"}],"wp:featuredmedia":[{"embeddable":true,"href":"https:\/\/alger16.dz\/index.php?rest_route=\/wp\/v2\/media\/57247"}],"wp:attachment":[{"href":"https:\/\/alger16.dz\/index.php?rest_route=%2Fwp%2Fv2%2Fmedia&parent=57210"}],"wp:term":[{"taxonomy":"category","embeddable":true,"href":"https:\/\/alger16.dz\/index.php?rest_route=%2Fwp%2Fv2%2Fcategories&post=57210"},{"taxonomy":"post_tag","embeddable":true,"href":"https:\/\/alger16.dz\/index.php?rest_route=%2Fwp%2Fv2%2Ftags&post=57210"}],"curies":[{"name":"wp","href":"https:\/\/api.w.org\/{rel}","templated":true}]}}