{"id":57228,"date":"2026-03-15T00:09:00","date_gmt":"2026-03-15T00:09:00","guid":{"rendered":"https:\/\/alger16.dz\/?p=57228"},"modified":"2026-04-11T21:18:00","modified_gmt":"2026-04-11T21:18:00","slug":"equipe-nationale-en-prevision-des-matchs-contre-le-guatemala-et-luruguay-petkovic-devoilera-sa-liste-mercredi","status":"publish","type":"post","link":"https:\/\/alger16.dz\/?p=57228","title":{"rendered":"Equipe nationale\/En pr\u00e9vision des matchs contre le Guatemala et l\u2019Uruguay : Petkovic d\u00e9voilera sa liste mercredi"},"content":{"rendered":"\n<figure class=\"wp-block-image size-full\"><img loading=\"lazy\" decoding=\"async\" width=\"1024\" height=\"536\" src=\"https:\/\/alger16.dz\/wp-content\/uploads\/2026\/03\/Vladimir-Petkovic-en-conference-de-presse-durant-la-CAN.jpg\" alt=\"\" class=\"wp-image-57229\" srcset=\"https:\/\/alger16.dz\/wp-content\/uploads\/2026\/03\/Vladimir-Petkovic-en-conference-de-presse-durant-la-CAN.jpg 1024w, https:\/\/alger16.dz\/wp-content\/uploads\/2026\/03\/Vladimir-Petkovic-en-conference-de-presse-durant-la-CAN-300x157.jpg 300w, https:\/\/alger16.dz\/wp-content\/uploads\/2026\/03\/Vladimir-Petkovic-en-conference-de-presse-durant-la-CAN-768x402.jpg 768w\" sizes=\"auto, (max-width: 1024px) 100vw, 1024px\" \/><\/figure>\n\n\n\n<p>En pr\u00e9vision des deux rencontres amicales que disputera la s\u00e9lection nationale en Italie, face au Guatemala le 27 mars 2026 \u00e0 20h30, au stade Luigi Ferraris de G\u00eanes, et \u00e0 l\u2019Uruguay le 31 mars \u00e0 la m\u00eame heure \u00e0 l\u2019Allianz Stadium de Turin, le s\u00e9lectionneur national, Vladimir Petkovic, animera une conf\u00e9rence de presse mercredi 18 mars \u00e0 21h00, \u00e0 la salle des conf\u00e9rences Mohamed-Sellah, du stade Nelson- Mandela de Baraki. C\u2019est ce qu\u2019a indiqu\u00e9 la F\u00e9d\u00e9ration alg\u00e9rienne de football \u00e0 travers un communiqu\u00e9. Lors de ce rendez-vous avec les m\u00e9dias, le s\u00e9lectionneur national d\u00e9voilera la liste des joueurs convoqu\u00e9s pour ces deux matchs programm\u00e9s lors de cette avant- derni\u00e8re fen\u00eatre Fifa avant le rendez-vous am\u00e9ricain. <br><strong>D. C.<\/strong><\/p>\n","protected":false},"excerpt":{"rendered":"<p>En pr\u00e9vision des deux rencontres amicales que disputera la s\u00e9lection nationale en Italie, face au Guatemala le 27 mars 2026 \u00e0 20h30, au stade Luigi Ferraris de G\u00eanes, et \u00e0 l\u2019Uruguay le 31 mars \u00e0 la m\u00eame heure \u00e0 l\u2019Allianz Stadium de Turin, le s\u00e9lectionneur national, Vladimir Petkovic, animera une [&hellip;]<\/p>\n","protected":false},"author":3,"featured_media":57229,"comment_status":"closed","ping_status":"open","sticky":false,"template":"","format":"standard","meta":{"footnotes":""},"categories":[61],"tags":[379,4469],"class_list":["post-57228","post","type-post","status-publish","format-standard","has-post-thumbnail","hentry","category-sport","tag-football","tag-petkovic"],"_links":{"self":[{"href":"https:\/\/alger16.dz\/index.php?rest_route=\/wp\/v2\/posts\/57228","targetHints":{"allow":["GET"]}}],"collection":[{"href":"https:\/\/alger16.dz\/index.php?rest_route=\/wp\/v2\/posts"}],"about":[{"href":"https:\/\/alger16.dz\/index.php?rest_route=\/wp\/v2\/types\/post"}],"author":[{"embeddable":true,"href":"https:\/\/alger16.dz\/index.php?rest_route=\/wp\/v2\/users\/3"}],"replies":[{"embeddable":true,"href":"https:\/\/alger16.dz\/index.php?rest_route=%2Fwp%2Fv2%2Fcomments&post=57228"}],"version-history":[{"count":1,"href":"https:\/\/alger16.dz\/index.php?rest_route=\/wp\/v2\/posts\/57228\/revisions"}],"predecessor-version":[{"id":57230,"href":"https:\/\/alger16.dz\/index.php?rest_route=\/wp\/v2\/posts\/57228\/revisions\/57230"}],"wp:featuredmedia":[{"embeddable":true,"href":"https:\/\/alger16.dz\/index.php?rest_route=\/wp\/v2\/media\/57229"}],"wp:attachment":[{"href":"https:\/\/alger16.dz\/index.php?rest_route=%2Fwp%2Fv2%2Fmedia&parent=57228"}],"wp:term":[{"taxonomy":"category","embeddable":true,"href":"https:\/\/alger16.dz\/index.php?rest_route=%2Fwp%2Fv2%2Fcategories&post=57228"},{"taxonomy":"post_tag","embeddable":true,"href":"https:\/\/alger16.dz\/index.php?rest_route=%2Fwp%2Fv2%2Ftags&post=57228"}],"curies":[{"name":"wp","href":"https:\/\/api.w.org\/{rel}","templated":true}]}}