{"id":57243,"date":"2026-03-16T00:03:00","date_gmt":"2026-03-16T00:03:00","guid":{"rendered":"https:\/\/alger16.dz\/?p=57243"},"modified":"2026-03-16T12:03:20","modified_gmt":"2026-03-16T12:03:20","slug":"mouloudji-partage-un-iftar-collectif-avec-des-personnes-agees-a-souk-ahras","status":"publish","type":"post","link":"https:\/\/alger16.dz\/?p=57243","title":{"rendered":"Mouloudji partage un iftar collectif avec des personnes \u00e2g\u00e9es \u00e0 Souk Ahras"},"content":{"rendered":"\n<figure class=\"wp-block-image size-full\"><img loading=\"lazy\" decoding=\"async\" width=\"1000\" height=\"655\" src=\"https:\/\/alger16.dz\/wp-content\/uploads\/2026\/03\/image-178.png\" alt=\"\" class=\"wp-image-57244\" srcset=\"https:\/\/alger16.dz\/wp-content\/uploads\/2026\/03\/image-178.png 1000w, https:\/\/alger16.dz\/wp-content\/uploads\/2026\/03\/image-178-300x197.png 300w, https:\/\/alger16.dz\/wp-content\/uploads\/2026\/03\/image-178-768x503.png 768w\" sizes=\"auto, (max-width: 1000px) 100vw, 1000px\" \/><\/figure>\n\n\n\n<p>La ministre de la Solidarit\u00e9 nationale, de la Famille et de la Condition de la femme, Soraya Mouloudji, a partag\u00e9 samedi dernier un iftar collectif avec les r\u00e9sidents du foyer pour personnes \u00e2g\u00e9es du chef-lieu de la wilaya de Souk-Ahras dans le cadre d\u2019une visite de travail et d\u2019inspection effectu\u00e9e dans la r\u00e9gion.<br>Organis\u00e9e dans une ambiance empreinte de solidarit\u00e9, la rencontre s\u2019est d\u00e9roul\u00e9e en pr\u00e9sence des autorit\u00e9s civiles et militaires de la wilaya, ainsi que de plusieurs responsables de l\u2019ex\u00e9cutif local. Avant la rupture du je\u00fbne, la ministre a suivi un expos\u00e9 pr\u00e9sent\u00e9 par le directeur de l\u2019Action sociale et de la solidarit\u00e9 (DASS), Ahmed Brahimi, portant sur deux projets destin\u00e9s \u00e0 renforcer les capacit\u00e9s d\u2019accueil des personnes \u00e2g\u00e9es.<br>Le premier concerne la r\u00e9alisation d\u2019un nouveau foyer pour personnes \u00e2g\u00e9es dans la commune de Sedrata, tandis que le second porte sur la r\u00e9habilitation du foyer existant au chef-lieu de wilaya, pour une enveloppe financi\u00e8re globale estim\u00e9e \u00e0 20 millions de dinars.<br>\u00c0 cette occasion, Mme Mouloudji a soulign\u00e9 l\u2019importance d\u2019assurer une prise en charge adapt\u00e9e \u00e0 cette cat\u00e9gorie de la soci\u00e9t\u00e9, appelant \u00e0 concevoir ces structures en fonction des besoins sp\u00e9cifiques des r\u00e9sidents, notamment ceux souffrant de troubles ou de maladies mentales.<br>Elle a insist\u00e9, dans ce cadre, sur la n\u00e9cessit\u00e9 de garantir un accompagnement m\u00e9dico-psychologique appropri\u00e9 et de pr\u00e9voir un pavillon d\u00e9di\u00e9 au sein de ces \u00e9tablissements, afin d\u2019assurer des conditions de soins et d\u2019accueil conformes aux exigences sanitaires et humaines.<br>La ministre a \u00e9galement pris connaissance des explications relatives \u00e0 la base de donn\u00e9es num\u00e9rique consacr\u00e9e aux r\u00e9sidents de ce foyer, pr\u00e9sent\u00e9e comme la premi\u00e8re initiative du genre \u00e0 l\u2019\u00e9chelle nationale. Elle a salu\u00e9 cet outil qui facilite la gestion et le suivi des dossiers des pensionnaires, appelant \u00e0 la g\u00e9n\u00e9ralisation de cette exp\u00e9rience \u00e0 l\u2019ensemble des centres d\u2019accueil des personnes \u00e2g\u00e9es \u00e0 travers le pays.<br>Mme Mouloudji a par ailleurs pr\u00e9sid\u00e9 une c\u00e9r\u00e9monie durant laquelle plusieurs r\u00e9sidents du foyer ont \u00e9t\u00e9 honor\u00e9s dans une atmosph\u00e8re conviviale traduisant l\u2019attention accord\u00e9e par les pouvoirs publics \u00e0 cette cat\u00e9gorie.<br>Par ailleurs, la ministre a poursuivi, hier, sa visite \u00e0 Souk-Ahras, o\u00f9 elle a pr\u00e9sid\u00e9 les activit\u00e9s officielles marquant la c\u00e9l\u00e9bration de la Journ\u00e9e nationale des personnes \u00e0 besoins sp\u00e9cifiques.<br>Entre modernisation des structures et accompagnement personnalis\u00e9, la ministre insiste sur une prise en charge respectueuse et adapt\u00e9e, faisant de la protection des a\u00een\u00e9s une priorit\u00e9 nationale.<br><strong>Cheklat Meriem<\/strong><\/p>\n","protected":false},"excerpt":{"rendered":"<p>La ministre de la Solidarit\u00e9 nationale, de la Famille et de la Condition de la femme, Soraya Mouloudji, a partag\u00e9 samedi dernier un iftar collectif avec les r\u00e9sidents du foyer pour personnes \u00e2g\u00e9es du chef-lieu de la wilaya de Souk-Ahras dans le cadre d\u2019une visite de travail et d\u2019inspection effectu\u00e9e [&hellip;]<\/p>\n","protected":false},"author":3,"featured_media":57244,"comment_status":"closed","ping_status":"open","sticky":false,"template":"","format":"standard","meta":{"footnotes":""},"categories":[53],"tags":[202],"class_list":["post-57243","post","type-post","status-publish","format-standard","has-post-thumbnail","hentry","category-societe","tag-soraya-mouloudji"],"_links":{"self":[{"href":"https:\/\/alger16.dz\/index.php?rest_route=\/wp\/v2\/posts\/57243","targetHints":{"allow":["GET"]}}],"collection":[{"href":"https:\/\/alger16.dz\/index.php?rest_route=\/wp\/v2\/posts"}],"about":[{"href":"https:\/\/alger16.dz\/index.php?rest_route=\/wp\/v2\/types\/post"}],"author":[{"embeddable":true,"href":"https:\/\/alger16.dz\/index.php?rest_route=\/wp\/v2\/users\/3"}],"replies":[{"embeddable":true,"href":"https:\/\/alger16.dz\/index.php?rest_route=%2Fwp%2Fv2%2Fcomments&post=57243"}],"version-history":[{"count":2,"href":"https:\/\/alger16.dz\/index.php?rest_route=\/wp\/v2\/posts\/57243\/revisions"}],"predecessor-version":[{"id":57349,"href":"https:\/\/alger16.dz\/index.php?rest_route=\/wp\/v2\/posts\/57243\/revisions\/57349"}],"wp:featuredmedia":[{"embeddable":true,"href":"https:\/\/alger16.dz\/index.php?rest_route=\/wp\/v2\/media\/57244"}],"wp:attachment":[{"href":"https:\/\/alger16.dz\/index.php?rest_route=%2Fwp%2Fv2%2Fmedia&parent=57243"}],"wp:term":[{"taxonomy":"category","embeddable":true,"href":"https:\/\/alger16.dz\/index.php?rest_route=%2Fwp%2Fv2%2Fcategories&post=57243"},{"taxonomy":"post_tag","embeddable":true,"href":"https:\/\/alger16.dz\/index.php?rest_route=%2Fwp%2Fv2%2Ftags&post=57243"}],"curies":[{"name":"wp","href":"https:\/\/api.w.org\/{rel}","templated":true}]}}