{"id":57272,"date":"2026-03-15T17:20:00","date_gmt":"2026-03-15T17:20:00","guid":{"rendered":"https:\/\/alger16.dz\/?p=57272"},"modified":"2026-04-11T21:18:00","modified_gmt":"2026-04-11T21:18:00","slug":"le-president-de-la-republique-recoit-un-appel-telephonique-de-son-homologue-libanais","status":"publish","type":"post","link":"https:\/\/alger16.dz\/?p=57272","title":{"rendered":"Le pr\u00e9sident de la R\u00e9publique re\u00e7oit un appel t\u00e9l\u00e9phonique de son homologue libanais"},"content":{"rendered":"\n<figure class=\"wp-block-image size-large\"><img loading=\"lazy\" decoding=\"async\" width=\"1024\" height=\"576\" src=\"https:\/\/alger16.dz\/wp-content\/uploads\/2026\/03\/image-179-1024x576.png\" alt=\"\" class=\"wp-image-57273\" srcset=\"https:\/\/alger16.dz\/wp-content\/uploads\/2026\/03\/image-179-1024x576.png 1024w, https:\/\/alger16.dz\/wp-content\/uploads\/2026\/03\/image-179-300x169.png 300w, https:\/\/alger16.dz\/wp-content\/uploads\/2026\/03\/image-179-768x432.png 768w, https:\/\/alger16.dz\/wp-content\/uploads\/2026\/03\/image-179.png 1080w\" sizes=\"auto, (max-width: 1024px) 100vw, 1024px\" \/><\/figure>\n\n\n\n<p><strong>Le pr\u00e9sident de la R\u00e9publique, M. Abdelmadjid Tebboune, a re\u00e7u, dimanche, un appel t\u00e9l\u00e9phonique de son fr\u00e8re, le pr\u00e9sident de la R\u00e9publique libanaise, pays fr\u00e8re, M. Joseph Aoun, au cours duquel ils ont \u00e9voqu\u00e9 les relations fraternelles unissant les deux pays fr\u00e8res, indique un communiqu\u00e9 de la Pr\u00e9sidence de la R\u00e9publique.<\/strong><\/p>\n\n\n\n<p>\u00ab\u00a0Le pr\u00e9sident de la R\u00e9publique, M. Abdelmadjid Tebboune, a re\u00e7u, ce jour, un appel t\u00e9l\u00e9phonique de son fr\u00e8re, le pr\u00e9sident de la R\u00e9publique libanaise, pays fr\u00e8re, M. Joseph Aoun, au cours duquel ont \u00e9t\u00e9 \u00e9voqu\u00e9es les relations fraternelles unissant les deux pays fr\u00e8res\u00a0\u00bb, lit-on dans le communiqu\u00e9.<\/p>\n\n\n\n<p>Les deux Pr\u00e9sidents ont \u00e9galement abord\u00e9 \u00e0 cette occasion \u00ab\u00a0les agressions r\u00e9p\u00e9t\u00e9es contre le Liban fr\u00e8re\u00a0\u00bb, a ajout\u00e9 la m\u00eame source, pr\u00e9cisant que le pr\u00e9sident de la R\u00e9publique a r\u00e9affirm\u00e9 \u00ab\u00a0la solidarit\u00e9 de l&rsquo;Alg\u00e9rie et sa disposition \u00e0 se tenir aux c\u00f4t\u00e9s du peuple libanais pour surmonter cette crise\u00a0\u00bb.<\/p>\n","protected":false},"excerpt":{"rendered":"<p>Le pr\u00e9sident de la R\u00e9publique, M. Abdelmadjid Tebboune, a re\u00e7u, dimanche, un appel t\u00e9l\u00e9phonique de son fr\u00e8re, le pr\u00e9sident de la R\u00e9publique libanaise, pays fr\u00e8re, M. Joseph Aoun, au cours duquel ils ont \u00e9voqu\u00e9 les relations fraternelles unissant les deux pays fr\u00e8res, indique un communiqu\u00e9 de la Pr\u00e9sidence de la [&hellip;]<\/p>\n","protected":false},"author":3,"featured_media":57273,"comment_status":"closed","ping_status":"open","sticky":false,"template":"","format":"standard","meta":{"footnotes":""},"categories":[36],"tags":[228,3674],"class_list":["post-57272","post","type-post","status-publish","format-standard","has-post-thumbnail","hentry","category-actualites","tag-abdelmadjid-tebboune","tag-joseph-aoun"],"_links":{"self":[{"href":"https:\/\/alger16.dz\/index.php?rest_route=\/wp\/v2\/posts\/57272","targetHints":{"allow":["GET"]}}],"collection":[{"href":"https:\/\/alger16.dz\/index.php?rest_route=\/wp\/v2\/posts"}],"about":[{"href":"https:\/\/alger16.dz\/index.php?rest_route=\/wp\/v2\/types\/post"}],"author":[{"embeddable":true,"href":"https:\/\/alger16.dz\/index.php?rest_route=\/wp\/v2\/users\/3"}],"replies":[{"embeddable":true,"href":"https:\/\/alger16.dz\/index.php?rest_route=%2Fwp%2Fv2%2Fcomments&post=57272"}],"version-history":[{"count":1,"href":"https:\/\/alger16.dz\/index.php?rest_route=\/wp\/v2\/posts\/57272\/revisions"}],"predecessor-version":[{"id":57274,"href":"https:\/\/alger16.dz\/index.php?rest_route=\/wp\/v2\/posts\/57272\/revisions\/57274"}],"wp:featuredmedia":[{"embeddable":true,"href":"https:\/\/alger16.dz\/index.php?rest_route=\/wp\/v2\/media\/57273"}],"wp:attachment":[{"href":"https:\/\/alger16.dz\/index.php?rest_route=%2Fwp%2Fv2%2Fmedia&parent=57272"}],"wp:term":[{"taxonomy":"category","embeddable":true,"href":"https:\/\/alger16.dz\/index.php?rest_route=%2Fwp%2Fv2%2Fcategories&post=57272"},{"taxonomy":"post_tag","embeddable":true,"href":"https:\/\/alger16.dz\/index.php?rest_route=%2Fwp%2Fv2%2Ftags&post=57272"}],"curies":[{"name":"wp","href":"https:\/\/api.w.org\/{rel}","templated":true}]}}