{"id":57295,"date":"2026-03-16T00:19:00","date_gmt":"2026-03-16T00:19:00","guid":{"rendered":"https:\/\/alger16.dz\/?p=57295"},"modified":"2026-04-11T21:18:17","modified_gmt":"2026-04-11T21:18:17","slug":"le-general-darmee-chanegriha-a-tebessa-le-terrorisme-est-vaincu-et-ses-residus-doivent-etre-combattus-sans-pitie","status":"publish","type":"post","link":"https:\/\/alger16.dz\/?p=57295","title":{"rendered":"Le g\u00e9n\u00e9ral d\u2019arm\u00e9e Chanegriha \u00e0 T\u00e9bessa : \u00abLe terrorisme est vaincu et ses r\u00e9sidus doivent \u00eatre combattus sans piti\u00e9\u00bb"},"content":{"rendered":"\n<figure class=\"wp-block-image size-full\"><img loading=\"lazy\" decoding=\"async\" width=\"800\" height=\"572\" src=\"https:\/\/alger16.dz\/wp-content\/uploads\/2026\/03\/anp.jpg\" alt=\"\" class=\"wp-image-57296\" srcset=\"https:\/\/alger16.dz\/wp-content\/uploads\/2026\/03\/anp.jpg 800w, https:\/\/alger16.dz\/wp-content\/uploads\/2026\/03\/anp-300x215.jpg 300w, https:\/\/alger16.dz\/wp-content\/uploads\/2026\/03\/anp-768x549.jpg 768w\" sizes=\"auto, (max-width: 800px) 100vw, 800px\" \/><\/figure>\n\n\n\n<p>Dans une vid\u00e9o diffus\u00e9e hier par le Minist\u00e8re de la D\u00e9fense nationale (MDN), le chef d\u2019\u00e9tat-major appara\u00eet lors d\u2019une visite d\u2019inspection aupr\u00e8s des unit\u00e9s engag\u00e9es dans l\u2019op\u00e9ration qualitative men\u00e9e les 12 et 13 mars dans le secteur militaire de T\u00e9bessa, relevant de la cinqui\u00e8me r\u00e9gion militaire, le G\u00e9n\u00e9ral d\u2019Arm\u00e9e Sa\u00efd Chanegriha, ministre d\u00e9l\u00e9gu\u00e9 aupr\u00e8s du ministre de la D\u00e9fense nationale et chef d\u2019\u00e9tat-major de l\u2019Arm\u00e9e nationale populaire (ANP), a adress\u00e9 un message ferme et appuy\u00e9 aux militaires ayant particip\u00e9 \u00e0 l\u2019\u00e9limination de sept terroristes dans la r\u00e9gion militaire de T\u00e9bessa.<br>\u00c0 cette occasion, le G\u00e9n\u00e9ral d\u2019Arm\u00e9e a tenu \u00e0 saluer la bravoure et le professionnalisme des soldats engag\u00e9s dans la lutte antiterroriste. S\u2019adressant directement aux militaires, il a d\u00e9clar\u00e9 : \u00ab Combattants courageux, notre pr\u00e9sence aujourd\u2019hui sur le terrain \u00e0 vos c\u00f4t\u00e9s est un signe d\u2019encouragement. Je vous transmets les f\u00e9licitations du pr\u00e9sident de la R\u00e9publique, Abdelmadjid Tebboune, pour les r\u00e9sultats obtenus gr\u00e2ce \u00e0 vos efforts sur le terrain. \u00bb<br>Le chef d\u2019\u00e9tat-major a \u00e9galement r\u00e9affirm\u00e9 la d\u00e9termination de l\u2019ANP \u00e0 poursuivre la lutte contre les derniers groupes terroristes encore actifs, soulignant que \u00ab le terrorisme a \u00e9t\u00e9 vaincu en Alg\u00e9rie \u00bb, tout en appelant \u00e0 poursuivre la traque de ses r\u00e9sidus \u00ab sans aucune piti\u00e9 \u00bb. <br><strong>R.\u2008N.<\/strong><\/p>\n","protected":false},"excerpt":{"rendered":"<p>Dans une vid\u00e9o diffus\u00e9e hier par le Minist\u00e8re de la D\u00e9fense nationale (MDN), le chef d\u2019\u00e9tat-major appara\u00eet lors d\u2019une visite d\u2019inspection aupr\u00e8s des unit\u00e9s engag\u00e9es dans l\u2019op\u00e9ration qualitative men\u00e9e les 12 et 13 mars dans le secteur militaire de T\u00e9bessa, relevant de la cinqui\u00e8me r\u00e9gion militaire, le G\u00e9n\u00e9ral d\u2019Arm\u00e9e Sa\u00efd [&hellip;]<\/p>\n","protected":false},"author":3,"featured_media":57296,"comment_status":"closed","ping_status":"open","sticky":false,"template":"","format":"standard","meta":{"footnotes":""},"categories":[36],"tags":[810],"class_list":["post-57295","post","type-post","status-publish","format-standard","has-post-thumbnail","hentry","category-actualites","tag-general-darmee-said-chanegriha"],"_links":{"self":[{"href":"https:\/\/alger16.dz\/index.php?rest_route=\/wp\/v2\/posts\/57295","targetHints":{"allow":["GET"]}}],"collection":[{"href":"https:\/\/alger16.dz\/index.php?rest_route=\/wp\/v2\/posts"}],"about":[{"href":"https:\/\/alger16.dz\/index.php?rest_route=\/wp\/v2\/types\/post"}],"author":[{"embeddable":true,"href":"https:\/\/alger16.dz\/index.php?rest_route=\/wp\/v2\/users\/3"}],"replies":[{"embeddable":true,"href":"https:\/\/alger16.dz\/index.php?rest_route=%2Fwp%2Fv2%2Fcomments&post=57295"}],"version-history":[{"count":1,"href":"https:\/\/alger16.dz\/index.php?rest_route=\/wp\/v2\/posts\/57295\/revisions"}],"predecessor-version":[{"id":57297,"href":"https:\/\/alger16.dz\/index.php?rest_route=\/wp\/v2\/posts\/57295\/revisions\/57297"}],"wp:featuredmedia":[{"embeddable":true,"href":"https:\/\/alger16.dz\/index.php?rest_route=\/wp\/v2\/media\/57296"}],"wp:attachment":[{"href":"https:\/\/alger16.dz\/index.php?rest_route=%2Fwp%2Fv2%2Fmedia&parent=57295"}],"wp:term":[{"taxonomy":"category","embeddable":true,"href":"https:\/\/alger16.dz\/index.php?rest_route=%2Fwp%2Fv2%2Fcategories&post=57295"},{"taxonomy":"post_tag","embeddable":true,"href":"https:\/\/alger16.dz\/index.php?rest_route=%2Fwp%2Fv2%2Ftags&post=57295"}],"curies":[{"name":"wp","href":"https:\/\/api.w.org\/{rel}","templated":true}]}}