{"id":57322,"date":"2026-03-16T00:41:00","date_gmt":"2026-03-16T00:41:00","guid":{"rendered":"https:\/\/alger16.dz\/?p=57322"},"modified":"2026-03-16T11:43:20","modified_gmt":"2026-03-16T11:43:20","slug":"journee-nationale-des-personnes-a-besoins-specifiques-diverses-activites-et-des-hommages-dans-plusieurs-villes-du-pays","status":"publish","type":"post","link":"https:\/\/alger16.dz\/?p=57322","title":{"rendered":"Journ\u00e9e nationale des personnes \u00e0 besoins sp\u00e9cifiques : Diverses activit\u00e9s et des hommages dans plusieurs villes du pays"},"content":{"rendered":"\n<figure class=\"wp-block-image size-full\"><img loading=\"lazy\" decoding=\"async\" width=\"780\" height=\"470\" src=\"https:\/\/alger16.dz\/wp-content\/uploads\/2026\/03\/hand.jpg\" alt=\"\" class=\"wp-image-57323\" srcset=\"https:\/\/alger16.dz\/wp-content\/uploads\/2026\/03\/hand.jpg 780w, https:\/\/alger16.dz\/wp-content\/uploads\/2026\/03\/hand-300x181.jpg 300w, https:\/\/alger16.dz\/wp-content\/uploads\/2026\/03\/hand-768x463.jpg 768w\" sizes=\"auto, (max-width: 780px) 100vw, 780px\" \/><\/figure>\n\n\n\n<p><strong>Les wilayas de l&rsquo;est et de l\u2019Ouest du pays ont c\u00e9l\u00e9br\u00e9 samedi dernier la Journ\u00e9e nationale des personnes \u00e0 besoins sp\u00e9cifiques (14 mars) par l&rsquo;organisation d&rsquo;activit\u00e9s diverses et des hommages.<\/strong><\/p>\n\n\n\n<p>Dans la wilaya de Constantine, le programme de c\u00e9l\u00e9bration a \u00e9t\u00e9 marqu\u00e9 par la r\u00e9citation de versets du Saint Coran par Safaa Guetouche, \u00e9l\u00e8ve de l&rsquo;\u00e9cole des malvoyants, laur\u00e9ate de plusieurs prix de m\u00e9morisation du Coran.<br>L&rsquo;occasion a \u00e9galement donn\u00e9 lieu \u00e0 un spectacle th\u00e9\u00e2tral des \u00e9l\u00e8ves de la m\u00eame \u00e9cole r\u00e9v\u00e9lant leur grand talent dans le domaine.<br>Pas moins de 163 appareils divers pour personnes \u00e0 besoins sp\u00e9cifiques, des tablettes \u00e9lectroniques de braille, des calculatrices parlantes et autres appareils pour non-voyants ont \u00e9t\u00e9 distribu\u00e9s \u00e0 l&rsquo;occasion.<br>Dans la wilaya d&rsquo;El Tarf, 55 appareilslages pour personnes \u00e0 besoins sp\u00e9cifiques ont \u00e9t\u00e9 distribu\u00e9s, les 7 premiers laur\u00e9ats du concours de wilaya de m\u00e9morisation du Saint Coran ont \u00e9t\u00e9 honor\u00e9s et des attestations de fin formation dans la sp\u00e9cialit\u00e9 de fabrication de pain ont \u00e9t\u00e9 remises \u00e0 8 personnes \u00e0 besoins sp\u00e9cifiques b\u00e9n\u00e9ficiaires de cette formation organis\u00e9e dans les \u00e9tablissements de la wilaya.<br>La Maison de la culture Mohamed-La\u00efd Al-Khalifa de Batna a organis\u00e9 une c\u00e9r\u00e9monie marqu\u00e9e par diverses activit\u00e9s d&rsquo;enfants \u00e0 besoins sp\u00e9cifiques des centres sp\u00e9cialis\u00e9s dont des chants religieux, des spectacles de th\u00e9\u00e2tre et une exposition des travaux manuels et dessins.<br>A S\u00e9tif, l&rsquo;occasion a donn\u00e9 lieu \u00e0 de multiples activit\u00e9s culturelles et artistiques des enfants \u00e0 besoins sp\u00e9cifiques dont un atelier de dessin, une pi\u00e8ce \u00ab Ahla Ramadhan \u00bb des \u00e9l\u00e8ves de l&rsquo;\u00e9cole de malentendants et deux autres \u00ab Arkan el islam \u00bb et \u00ab Irhamou men fi el ardh \u00bb des \u00e9l\u00e8ves du centre psychop\u00e9dagogique d&rsquo;El Eulma.<br>Les autres wilayas de l&rsquo;Est ont connu la tenue d&rsquo;activit\u00e9s similaires \u00e0 l&rsquo;occasion de c\u00e9l\u00e9bration de journ\u00e9e nationale des personnes \u00e0 besoins sp\u00e9cifiques.<\/p>\n\n\n\n<p><strong>Distribution d&rsquo;\u00e9quipements dans l&rsquo;Ouest et le Sud-ouest du pays<br><\/strong>Plac\u00e9e sous le slogan \u00ab\u00a0Renforcer les capacit\u00e9s entrepreneuriales des personnes aux besoins sp\u00e9cifiques pour un avenir inclusif et durable\u00a0\u00bb, les wilayas de l&rsquo;Ouest et du Sud-Ouest ont \u00e9galement c\u00e9l\u00e9br\u00e9 la Journ\u00e9e nationale des personnes aux besoins sp\u00e9cifiques, \u00e0 travers l&rsquo;organisation de nombreuses activit\u00e9s et la distribution d&rsquo;\u00e9quipements au profit de cette frange de la soci\u00e9t\u00e9.<br>A Mascara, plusieurs activit\u00e9s artistiques et culturelles ont \u00e9t\u00e9 organis\u00e9es \u00e0 la Maison de la culture Abi Ras Ennaciri, sous la supervision du wali Fouad A\u00efssi, en pr\u00e9sence des autorit\u00e9s locales et de repr\u00e9sentants de la soci\u00e9t\u00e9 civile. Des chants et des Madih ainsi que deux pi\u00e8ces de th\u00e9\u00e2tre ont \u00e9t\u00e9 pr\u00e9sent\u00e9s par des enfants issus du Centre psychop\u00e9dagogique pour enfants handicap\u00e9s mentaux et de l&rsquo;\u00e9cole des handicap\u00e9s auditifs et visuels de Mascara, en plus d&rsquo;expositions des r\u00e9alisations des pensionnaires des centres sp\u00e9cialis\u00e9s.<br>Cette c\u00e9r\u00e9monie a \u00e9galement \u00e9t\u00e9 marqu\u00e9e par la distribution de fauteuils roulants et de fauteuils pour personnes polyhandicap\u00e9es au profit de 25 enfants, ainsi que par la remise de distinctions aux laur\u00e9ats des manifestations culturelles et sportives organis\u00e9es pendant le mois sacr\u00e9 de Ramadhan.<br>A A\u00efn T\u00e9mouchent, le wali Mabrouk Ouled Abdennebi a pr\u00e9sid\u00e9 ces festivit\u00e9s \u00e0 la Maison de la culture A\u00efssa-Messaoudi, o\u00f9 37 motos adapt\u00e9es aux personnes aux besoins sp\u00e9cifiques, fournies par le secteur de l&rsquo;Action sociale et de la Solidarit\u00e9, ont \u00e9t\u00e9 distribu\u00e9es. A cette occasion, les activit\u00e9s des six Centres p\u00e9dagogiques sp\u00e9cialis\u00e9s dans la prise en charge des personnes aux besoins sp\u00e9cifiques ont \u00e9galement \u00e9t\u00e9 pr\u00e9sent\u00e9es, en plus d&rsquo;une pi\u00e8ce de th\u00e9\u00e2tre mettant en avant la forte volont\u00e9 de ces personnes.<br>Dans la wilaya de N\u00e2ama, la c\u00e9l\u00e9bration a eu lieu \u00e0 l&rsquo;\u00e9cole des handicap\u00e9s visuels de la commune de Mecheria, qui a \u00e9t\u00e9 baptis\u00e9e du nom du chahid Kadiri Khaled. Les enfants de l&rsquo;\u00e9tablissement et des centres sp\u00e9cialis\u00e9s de la wilaya ont anim\u00e9 des spectacles \u00e9ducatifs et r\u00e9cr\u00e9atifs mettant en valeur leurs talents. La section d\u00e9di\u00e9e aux d\u00e9ficients auditifs de cette \u00e9cole a \u00e9galement \u00e9t\u00e9 renforc\u00e9e par du mat\u00e9riel sp\u00e9cifique.<br>Les autorit\u00e9s de wilaya ont, par ailleurs, honor\u00e9 des acteurs associatifs et des encadreurs \u0153uvrant dans la prise en charge des personnes handicap\u00e9es et proc\u00e9d\u00e9 \u00e0 la distribution de fauteuils roulants \u00e9lectriques et de motos adapt\u00e9es.<br>La wilaya de Tiaret a \u00e9galement connu la m\u00eame ambiance \u00e0 l&rsquo;occasion de la c\u00e9l\u00e9bration de cette journ\u00e9e nationale, organis\u00e9e au centre p\u00e9dagogique pour jeunes sourds-muets de Sougueur, sous la tutelle des autorit\u00e9s locales. La c\u00e9r\u00e9monie a \u00e9t\u00e9 marqu\u00e9e par la distribution de 47 \u00e9quipements m\u00e9dicaux au profit d&rsquo;enfants scolaires et d&rsquo;adultes, ainsi que par la pr\u00e9sentation d&rsquo;activit\u00e9s artistiques et culturelles par les enfants des centres sp\u00e9cialis\u00e9s, mettant en avant leurs capacit\u00e9s.<br>De son c\u00f4t\u00e9, la Maison de la culture Kadi-Mohamed \u00e0 B\u00e9char a abrit\u00e9 les festivit\u00e9s de cette journ\u00e9e, pr\u00e9sid\u00e9es par les autorit\u00e9s de wilaya en pr\u00e9sence de repr\u00e9sentants d&rsquo;associations locales. A cette occasion, 12 fauteuils roulants ont \u00e9t\u00e9 remis et une exposition des r\u00e9alisations des personnes aux besoins sp\u00e9cifiques a \u00e9t\u00e9 organis\u00e9e, notamment celles des enfants pris en charge dans les trois centres psychop\u00e9dagogiques de la wilaya.<br><strong>R.\u2008R.<\/strong><\/p>\n","protected":false},"excerpt":{"rendered":"<p>Les wilayas de l&rsquo;est et de l\u2019Ouest du pays ont c\u00e9l\u00e9br\u00e9 samedi dernier la Journ\u00e9e nationale des personnes \u00e0 besoins sp\u00e9cifiques (14 mars) par l&rsquo;organisation d&rsquo;activit\u00e9s diverses et des hommages. Dans la wilaya de Constantine, le programme de c\u00e9l\u00e9bration a \u00e9t\u00e9 marqu\u00e9 par la r\u00e9citation de versets du Saint Coran [&hellip;]<\/p>\n","protected":false},"author":3,"featured_media":57323,"comment_status":"closed","ping_status":"open","sticky":false,"template":"","format":"standard","meta":{"footnotes":""},"categories":[53],"tags":[1916],"class_list":["post-57322","post","type-post","status-publish","format-standard","has-post-thumbnail","hentry","category-societe","tag-journee-nationale-des-personnes-a-besoins-specifiques"],"_links":{"self":[{"href":"https:\/\/alger16.dz\/index.php?rest_route=\/wp\/v2\/posts\/57322","targetHints":{"allow":["GET"]}}],"collection":[{"href":"https:\/\/alger16.dz\/index.php?rest_route=\/wp\/v2\/posts"}],"about":[{"href":"https:\/\/alger16.dz\/index.php?rest_route=\/wp\/v2\/types\/post"}],"author":[{"embeddable":true,"href":"https:\/\/alger16.dz\/index.php?rest_route=\/wp\/v2\/users\/3"}],"replies":[{"embeddable":true,"href":"https:\/\/alger16.dz\/index.php?rest_route=%2Fwp%2Fv2%2Fcomments&post=57322"}],"version-history":[{"count":1,"href":"https:\/\/alger16.dz\/index.php?rest_route=\/wp\/v2\/posts\/57322\/revisions"}],"predecessor-version":[{"id":57324,"href":"https:\/\/alger16.dz\/index.php?rest_route=\/wp\/v2\/posts\/57322\/revisions\/57324"}],"wp:featuredmedia":[{"embeddable":true,"href":"https:\/\/alger16.dz\/index.php?rest_route=\/wp\/v2\/media\/57323"}],"wp:attachment":[{"href":"https:\/\/alger16.dz\/index.php?rest_route=%2Fwp%2Fv2%2Fmedia&parent=57322"}],"wp:term":[{"taxonomy":"category","embeddable":true,"href":"https:\/\/alger16.dz\/index.php?rest_route=%2Fwp%2Fv2%2Fcategories&post=57322"},{"taxonomy":"post_tag","embeddable":true,"href":"https:\/\/alger16.dz\/index.php?rest_route=%2Fwp%2Fv2%2Ftags&post=57322"}],"curies":[{"name":"wp","href":"https:\/\/api.w.org\/{rel}","templated":true}]}}