{"id":57328,"date":"2026-03-16T00:49:27","date_gmt":"2026-03-16T00:49:27","guid":{"rendered":"https:\/\/alger16.dz\/?p=57328"},"modified":"2026-03-16T11:49:36","modified_gmt":"2026-03-16T11:49:36","slug":"fc-barcelone-la-reaction-inattendue-de-lewandowski-sur-linteret-en-serie-a","status":"publish","type":"post","link":"https:\/\/alger16.dz\/?p=57328","title":{"rendered":"FC Barcelone : La r\u00e9action inattendue de Lewandowski sur l\u2019int\u00e9r\u00eat en Serie A"},"content":{"rendered":"\n<figure class=\"wp-block-image size-large\"><img loading=\"lazy\" decoding=\"async\" width=\"1024\" height=\"576\" src=\"https:\/\/alger16.dz\/wp-content\/uploads\/2026\/03\/image-184-1024x576.png\" alt=\"\" class=\"wp-image-57329\" srcset=\"https:\/\/alger16.dz\/wp-content\/uploads\/2026\/03\/image-184-1024x576.png 1024w, https:\/\/alger16.dz\/wp-content\/uploads\/2026\/03\/image-184-300x169.png 300w, https:\/\/alger16.dz\/wp-content\/uploads\/2026\/03\/image-184-768x432.png 768w, https:\/\/alger16.dz\/wp-content\/uploads\/2026\/03\/image-184-1536x864.png 1536w, https:\/\/alger16.dz\/wp-content\/uploads\/2026\/03\/image-184.png 1920w\" sizes=\"auto, (max-width: 1024px) 100vw, 1024px\" \/><\/figure>\n\n\n\n<p>En fin de contrat en juin prochain, Roberto Lewandowski est l\u2019une des premi\u00e8res attractions du prochain mercato d\u2019\u00e9t\u00e9 \u00e0 faire parler de lui. Dans une interview accord\u00e9e \u00e0 SportWeek, le magazine hebdomadaire vendu en kiosque samedi dernier avec La Gazzetta dello Sport, l\u2019attaquant polonais n\u2019a pas voulu trop parler de son futur.<br>\u00abHonn\u00eatement, je n\u2019ai rien \u00e0 dire aujourd\u2019hui sur mon avenir, je suis sinc\u00e8re. L\u2019objectif est de terminer la saison avec le maximum de victoires, de buts et de titres. On verra ensuite. Je n\u2019y pense pas et je n\u2019ai pas encore pris de d\u00e9cision, ce n\u2019est pas une priorit\u00e9 pour le moment\u00bb, a-t-il d\u2019abord r\u00e9agi, \u00e0 l\u2019heure o\u00f9 des rumeurs insistantes l\u2019envoient du c\u00f4t\u00e9 de Chicago en MLS. Sur les tablettes de la Juventus et de l\u2019AC Milan, l\u2019ancien buteur du Bayern a \u00e9galement parl\u00e9 de cet int\u00e9r\u00eat grandissant en Serie A. \u00abAvez-vous d\u00e9j\u00e0 \u00e9t\u00e9 proche de la Serie A ? En 2010, j\u2019\u00e9tais encore en Pologne et sur le point de rejoindre le Borussia Dortmund.<br>Le Genoa voulait me recruter et m\u2019a donc invit\u00e9 \u00e0 un match contre la Sampdoria. J\u2019\u00e9tais curieux de d\u00e9couvrir le club, le stade et l\u2019ambiance. Par ailleurs, pour \u00eatre juste envers ceux qui s\u2019\u00e9taient int\u00e9ress\u00e9s \u00e0 moi, je suis venu assister au derby \u00e0 Marassi.<br>C\u2019est la seule fois de ma vie o\u00f9 j\u2019ai eu affaire \u00e0 une \u00e9quipe italienne. Je trouve le championnat italien tr\u00e8s comp\u00e9titif, les matchs sont g\u00e9n\u00e9ralement \u00e2prement disput\u00e9s et ce n\u2019est pas toujours la m\u00eame \u00e9quipe qui l\u2019emporte. En Ligue des champions, on a vu la Juventus en finale, puis l\u2019Inter en finale \u00e9galement.<br>Pour moi, il ne semble pas y avoir de crise.\u00bb Un joli appel du pied.<\/p>\n","protected":false},"excerpt":{"rendered":"<p>En fin de contrat en juin prochain, Roberto Lewandowski est l\u2019une des premi\u00e8res attractions du prochain mercato d\u2019\u00e9t\u00e9 \u00e0 faire parler de lui. Dans une interview accord\u00e9e \u00e0 SportWeek, le magazine hebdomadaire vendu en kiosque samedi dernier avec La Gazzetta dello Sport, l\u2019attaquant polonais n\u2019a pas voulu trop parler de [&hellip;]<\/p>\n","protected":false},"author":3,"featured_media":57329,"comment_status":"closed","ping_status":"open","sticky":false,"template":"","format":"standard","meta":{"footnotes":""},"categories":[61],"tags":[1094,379,2459],"class_list":["post-57328","post","type-post","status-publish","format-standard","has-post-thumbnail","hentry","category-sport","tag-fcb","tag-football","tag-lewandowski"],"_links":{"self":[{"href":"https:\/\/alger16.dz\/index.php?rest_route=\/wp\/v2\/posts\/57328","targetHints":{"allow":["GET"]}}],"collection":[{"href":"https:\/\/alger16.dz\/index.php?rest_route=\/wp\/v2\/posts"}],"about":[{"href":"https:\/\/alger16.dz\/index.php?rest_route=\/wp\/v2\/types\/post"}],"author":[{"embeddable":true,"href":"https:\/\/alger16.dz\/index.php?rest_route=\/wp\/v2\/users\/3"}],"replies":[{"embeddable":true,"href":"https:\/\/alger16.dz\/index.php?rest_route=%2Fwp%2Fv2%2Fcomments&post=57328"}],"version-history":[{"count":1,"href":"https:\/\/alger16.dz\/index.php?rest_route=\/wp\/v2\/posts\/57328\/revisions"}],"predecessor-version":[{"id":57330,"href":"https:\/\/alger16.dz\/index.php?rest_route=\/wp\/v2\/posts\/57328\/revisions\/57330"}],"wp:featuredmedia":[{"embeddable":true,"href":"https:\/\/alger16.dz\/index.php?rest_route=\/wp\/v2\/media\/57329"}],"wp:attachment":[{"href":"https:\/\/alger16.dz\/index.php?rest_route=%2Fwp%2Fv2%2Fmedia&parent=57328"}],"wp:term":[{"taxonomy":"category","embeddable":true,"href":"https:\/\/alger16.dz\/index.php?rest_route=%2Fwp%2Fv2%2Fcategories&post=57328"},{"taxonomy":"post_tag","embeddable":true,"href":"https:\/\/alger16.dz\/index.php?rest_route=%2Fwp%2Fv2%2Ftags&post=57328"}],"curies":[{"name":"wp","href":"https:\/\/api.w.org\/{rel}","templated":true}]}}