{"id":57346,"date":"2026-03-16T00:01:00","date_gmt":"2026-03-16T00:01:00","guid":{"rendered":"https:\/\/alger16.dz\/?p=57346"},"modified":"2026-03-16T12:02:20","modified_gmt":"2026-03-16T12:02:20","slug":"exposition-sur-lhistoire-de-limpression-du-mushaf-en-algerie","status":"publish","type":"post","link":"https:\/\/alger16.dz\/?p=57346","title":{"rendered":"Exposition sur l\u2019histoire de l\u2019impression du Mus\u2019haf en Alg\u00e9rie"},"content":{"rendered":"\n<figure class=\"wp-block-image size-large\"><img loading=\"lazy\" decoding=\"async\" width=\"1024\" height=\"576\" src=\"https:\/\/alger16.dz\/wp-content\/uploads\/2026\/03\/1-5-1024x576.jpg\" alt=\"\" class=\"wp-image-57347\" srcset=\"https:\/\/alger16.dz\/wp-content\/uploads\/2026\/03\/1-5-1024x576.jpg 1024w, https:\/\/alger16.dz\/wp-content\/uploads\/2026\/03\/1-5-300x169.jpg 300w, https:\/\/alger16.dz\/wp-content\/uploads\/2026\/03\/1-5-768x432.jpg 768w, https:\/\/alger16.dz\/wp-content\/uploads\/2026\/03\/1-5.jpg 1080w\" sizes=\"auto, (max-width: 1024px) 100vw, 1024px\" \/><\/figure>\n\n\n\n<p>Une exposition sur l\u2019histoire de l\u2019impression du Mus\u2019haf en Alg\u00e9rie s\u2019est ouverte, samedi dernier, au Centre culturel islamique (CCI) \u00e0 Alger, pour mettre en avant l\u2019attention port\u00e9e au Saint Coran et l\u2019int\u00e9r\u00eat accord\u00e9 \u00e0 son impression, \u00e0 sa diffusion et \u00e0 sa distribution.<br>Organis\u00e9e par le minist\u00e8re des Affaires religieuses et des Wakfs sur une dur\u00e9e de cinq jours, cette exposition a pour objectif de faire conna\u00eetre le parcours de l\u2019impression du Mus\u2019haf en Alg\u00e9rie et de mettre en exergue les efforts d\u00e9ploy\u00e9s, \u00e0 travers les diff\u00e9rentes \u00e9tapes historiques, au service du Saint Coran.<br>L\u2019exposition comprend plusieurs exemplaires d\u2019\u00e9ditions du Mus\u2019haf, dont l\u2019impression est supervis\u00e9e par le minist\u00e8re depuis l\u2019ind\u00e9pendance, ainsi que nombre d&rsquo;exemplaires remontant \u00e0 des p\u00e9riodes ant\u00e9rieures, y compris d\u2019anciens manuscrits coraniques qui t\u00e9moignent de l\u2019attention port\u00e9e au Saint Coran \u00e0 travers les si\u00e8cles.<br>L\u2019exposition vise aussi \u00e0 mettre en lumi\u00e8re les \u00e9tapes historiques du parcours de l\u2019impression du Mus\u2019haf en Alg\u00e9rie, particuli\u00e8rement les diff\u00e9rentes \u00e9ditions du Mus\u2019haf Roudoussi depuis 1931, que le minist\u00e8re des Affaires religieuses et des Wakfs a r\u00e9imprim\u00e9 en 2022, sous le haut patronage du pr\u00e9sident de la R\u00e9publique, M. Abdelmadjid Tebboune, \u00e0 l\u2019occasion de la c\u00e9l\u00e9bration du 60e anniversaire de l\u2019ind\u00e9pendance. Les visiteurs pourront \u00e9galement d\u00e9couvrir le Coran en braille \u00e9dit\u00e9 par l\u2019Alg\u00e9rie, lequel refl\u00e8te l&rsquo;engagement du minist\u00e8re en faveur des personnes \u00e0 besoins sp\u00e9cifiques.<br>Des exemplaires du Saint Coran ont \u00e9t\u00e9 distribu\u00e9s gratuitement aux visiteurs, venus en grand nombre au premier jour de l\u2019exposition. Un engouement qui t\u00e9moigne de l&rsquo;attachement profond des Alg\u00e9riens au Saint Coran.<\/p>\n","protected":false},"excerpt":{"rendered":"<p>Une exposition sur l\u2019histoire de l\u2019impression du Mus\u2019haf en Alg\u00e9rie s\u2019est ouverte, samedi dernier, au Centre culturel islamique (CCI) \u00e0 Alger, pour mettre en avant l\u2019attention port\u00e9e au Saint Coran et l\u2019int\u00e9r\u00eat accord\u00e9 \u00e0 son impression, \u00e0 sa diffusion et \u00e0 sa distribution.Organis\u00e9e par le minist\u00e8re des Affaires religieuses et [&hellip;]<\/p>\n","protected":false},"author":3,"featured_media":57347,"comment_status":"closed","ping_status":"open","sticky":false,"template":"","format":"standard","meta":{"footnotes":""},"categories":[62],"tags":[4744,4743],"class_list":["post-57346","post","type-post","status-publish","format-standard","has-post-thumbnail","hentry","category-le-savez-vous","tag-impression","tag-mushaf-2"],"_links":{"self":[{"href":"https:\/\/alger16.dz\/index.php?rest_route=\/wp\/v2\/posts\/57346","targetHints":{"allow":["GET"]}}],"collection":[{"href":"https:\/\/alger16.dz\/index.php?rest_route=\/wp\/v2\/posts"}],"about":[{"href":"https:\/\/alger16.dz\/index.php?rest_route=\/wp\/v2\/types\/post"}],"author":[{"embeddable":true,"href":"https:\/\/alger16.dz\/index.php?rest_route=\/wp\/v2\/users\/3"}],"replies":[{"embeddable":true,"href":"https:\/\/alger16.dz\/index.php?rest_route=%2Fwp%2Fv2%2Fcomments&post=57346"}],"version-history":[{"count":1,"href":"https:\/\/alger16.dz\/index.php?rest_route=\/wp\/v2\/posts\/57346\/revisions"}],"predecessor-version":[{"id":57348,"href":"https:\/\/alger16.dz\/index.php?rest_route=\/wp\/v2\/posts\/57346\/revisions\/57348"}],"wp:featuredmedia":[{"embeddable":true,"href":"https:\/\/alger16.dz\/index.php?rest_route=\/wp\/v2\/media\/57347"}],"wp:attachment":[{"href":"https:\/\/alger16.dz\/index.php?rest_route=%2Fwp%2Fv2%2Fmedia&parent=57346"}],"wp:term":[{"taxonomy":"category","embeddable":true,"href":"https:\/\/alger16.dz\/index.php?rest_route=%2Fwp%2Fv2%2Fcategories&post=57346"},{"taxonomy":"post_tag","embeddable":true,"href":"https:\/\/alger16.dz\/index.php?rest_route=%2Fwp%2Fv2%2Ftags&post=57346"}],"curies":[{"name":"wp","href":"https:\/\/api.w.org\/{rel}","templated":true}]}}