{"id":57387,"date":"2026-03-17T00:43:00","date_gmt":"2026-03-17T00:43:00","guid":{"rendered":"https:\/\/alger16.dz\/?p=57387"},"modified":"2026-03-17T01:45:08","modified_gmt":"2026-03-17T01:45:08","slug":"elle-aura-lieu-du-5-au-11-mai-a-nouakchott-organisation-de-la-8e-edition-de-la-foire-dediee-aux-produits-et-services-algeriens","status":"publish","type":"post","link":"https:\/\/alger16.dz\/?p=57387","title":{"rendered":"Elle aura lieu du 5 au 11 Mai \u00e0 Nouakchott : Organisation de la 8e \u00e9dition de la Foire d\u00e9di\u00e9e aux produits et services alg\u00e9riens"},"content":{"rendered":"\n<figure class=\"wp-block-image size-full\"><img loading=\"lazy\" decoding=\"async\" width=\"690\" height=\"406\" src=\"https:\/\/alger16.dz\/wp-content\/uploads\/2026\/03\/foire.jpg\" alt=\"\" class=\"wp-image-57388\" srcset=\"https:\/\/alger16.dz\/wp-content\/uploads\/2026\/03\/foire.jpg 690w, https:\/\/alger16.dz\/wp-content\/uploads\/2026\/03\/foire-300x177.jpg 300w\" sizes=\"auto, (max-width: 690px) 100vw, 690px\" \/><\/figure>\n\n\n\n<p>Le minist\u00e8re du Commerce ext\u00e9rieur et de la Promotion des exportations a annonc\u00e9 l\u2019organisation de la huiti\u00e8me \u00e9dition de la Foire d\u00e9di\u00e9e aux produits et services alg\u00e9riens dans la capitale mauritanienne, Nouakchott, du 5 au 11 mai 2026, a indiqu\u00e9 dimanche dernier un communiqu\u00e9 du minist\u00e8re. Ce rendez-vous \u00e9conomique, rassemblant des op\u00e9rateurs \u00e9conomiques alg\u00e9riens et mauritaniens, repr\u00e9sente une opportunit\u00e9 pour renforcer les \u00e9changes commerciaux bilat\u00e9raux et valoriser les potentialit\u00e9s d&rsquo;exportation de l\u2019Alg\u00e9rie vers les pays voisins dans plusieurs secteurs de production et de services, pr\u00e9cise le communiqu\u00e9.<br>Cet \u00e9v\u00e8nement, ajoute la m\u00eame source, verra la participation d\u2019op\u00e9rateurs \u00e9conomiques activant dans divers domaines, notamment les industries agroalimentaires, les produits agricoles, l\u2019industrie pharmaceutique, les produits cosm\u00e9tiques et de nettoyage, les mat\u00e9riaux de construction et \u00e9quipements, ainsi que diff\u00e9rentes industries de transformation, en sus des services de sant\u00e9 et du tourisme. L\u2019organisation de cette foire s\u2019inscrit \u00e9galement dans le cadre de la concr\u00e9tisation de la volont\u00e9 commune des autorit\u00e9s alg\u00e9riennes et mauritaniennes de renforcer les relations \u00e9conomiques et commerciales bilat\u00e9rales et de diversifier les domaines de coop\u00e9ration entre les deux pays, selon le communiqu\u00e9.<br>Le minist\u00e8re a, par ailleurs, invit\u00e9 les op\u00e9rateurs \u00e9conomiques souhaitant participer \u00e0 cet \u00e9v\u00e8nement \u00e0 s\u2019inscrire via le site web du minist\u00e8re.<\/p>\n","protected":false},"excerpt":{"rendered":"<p>Le minist\u00e8re du Commerce ext\u00e9rieur et de la Promotion des exportations a annonc\u00e9 l\u2019organisation de la huiti\u00e8me \u00e9dition de la Foire d\u00e9di\u00e9e aux produits et services alg\u00e9riens dans la capitale mauritanienne, Nouakchott, du 5 au 11 mai 2026, a indiqu\u00e9 dimanche dernier un communiqu\u00e9 du minist\u00e8re. Ce rendez-vous \u00e9conomique, rassemblant [&hellip;]<\/p>\n","protected":false},"author":3,"featured_media":57388,"comment_status":"closed","ping_status":"open","sticky":false,"template":"","format":"standard","meta":{"footnotes":""},"categories":[62],"tags":[1576],"class_list":["post-57387","post","type-post","status-publish","format-standard","has-post-thumbnail","hentry","category-le-savez-vous","tag-nouakchott"],"_links":{"self":[{"href":"https:\/\/alger16.dz\/index.php?rest_route=\/wp\/v2\/posts\/57387","targetHints":{"allow":["GET"]}}],"collection":[{"href":"https:\/\/alger16.dz\/index.php?rest_route=\/wp\/v2\/posts"}],"about":[{"href":"https:\/\/alger16.dz\/index.php?rest_route=\/wp\/v2\/types\/post"}],"author":[{"embeddable":true,"href":"https:\/\/alger16.dz\/index.php?rest_route=\/wp\/v2\/users\/3"}],"replies":[{"embeddable":true,"href":"https:\/\/alger16.dz\/index.php?rest_route=%2Fwp%2Fv2%2Fcomments&post=57387"}],"version-history":[{"count":1,"href":"https:\/\/alger16.dz\/index.php?rest_route=\/wp\/v2\/posts\/57387\/revisions"}],"predecessor-version":[{"id":57389,"href":"https:\/\/alger16.dz\/index.php?rest_route=\/wp\/v2\/posts\/57387\/revisions\/57389"}],"wp:featuredmedia":[{"embeddable":true,"href":"https:\/\/alger16.dz\/index.php?rest_route=\/wp\/v2\/media\/57388"}],"wp:attachment":[{"href":"https:\/\/alger16.dz\/index.php?rest_route=%2Fwp%2Fv2%2Fmedia&parent=57387"}],"wp:term":[{"taxonomy":"category","embeddable":true,"href":"https:\/\/alger16.dz\/index.php?rest_route=%2Fwp%2Fv2%2Fcategories&post=57387"},{"taxonomy":"post_tag","embeddable":true,"href":"https:\/\/alger16.dz\/index.php?rest_route=%2Fwp%2Fv2%2Ftags&post=57387"}],"curies":[{"name":"wp","href":"https:\/\/api.w.org\/{rel}","templated":true}]}}