{"id":57393,"date":"2026-03-17T00:51:00","date_gmt":"2026-03-17T00:51:00","guid":{"rendered":"https:\/\/alger16.dz\/?p=57393"},"modified":"2026-03-17T01:54:14","modified_gmt":"2026-03-17T01:54:14","slug":"agriculture-installation-de-la-commission-nationale-de-protection-des-forets","status":"publish","type":"post","link":"https:\/\/alger16.dz\/?p=57393","title":{"rendered":"Agriculture : Installation de la Commission nationale de protection des for\u00eats"},"content":{"rendered":"\n<figure class=\"wp-block-image size-large\"><img loading=\"lazy\" decoding=\"async\" width=\"1024\" height=\"682\" src=\"https:\/\/alger16.dz\/wp-content\/uploads\/2026\/03\/image-193-1024x682.png\" alt=\"\" class=\"wp-image-57394\" srcset=\"https:\/\/alger16.dz\/wp-content\/uploads\/2026\/03\/image-193-1024x682.png 1024w, https:\/\/alger16.dz\/wp-content\/uploads\/2026\/03\/image-193-300x200.png 300w, https:\/\/alger16.dz\/wp-content\/uploads\/2026\/03\/image-193-768x512.png 768w, https:\/\/alger16.dz\/wp-content\/uploads\/2026\/03\/image-193-1536x1023.png 1536w, https:\/\/alger16.dz\/wp-content\/uploads\/2026\/03\/image-193.png 1600w\" sizes=\"auto, (max-width: 1024px) 100vw, 1024px\" \/><\/figure>\n\n\n\n<p>L\u2019installation de la Commission nationale de protection des for\u00eats pour l\u2019ann\u00e9e 2026, initiative phare visant \u00e0 renforcer le dispositif national de pr\u00e9vention et d\u2019intervention contre les incendies forestiers, s\u2019est d\u00e9roul\u00e9e samedi dernier \u00e0 Alger dans un climat solennel marqu\u00e9 par la pr\u00e9sence de hauts responsables du secteur.<br>Cette commission a pour mission de coordonner l\u2019ensemble des actions visant \u00e0 prot\u00e9ger le patrimoine forestier, en int\u00e9grant les derni\u00e8res innovations technologiques et une approche intersectorielle proactive.<br>La c\u00e9r\u00e9monie d\u2019inauguration a \u00e9t\u00e9 pr\u00e9sid\u00e9e par le ministre de l\u2019Agriculture, du D\u00e9veloppement rural et de la P\u00eache, M. Yacine El-Mahdi Oualid, et s\u2019est tenue au si\u00e8ge de la Direction g\u00e9n\u00e9rale des for\u00eats (DGF), en pr\u00e9sence de son directeur g\u00e9n\u00e9ral, M. Djamel Touahria, ainsi que de repr\u00e9sentants des diff\u00e9rentes institutions impliqu\u00e9es dans la gestion et la s\u00e9curit\u00e9 des espaces forestiers. Des responsables militaires et civils, des experts environnementaux et des acteurs de la soci\u00e9t\u00e9 civile ont \u00e9galement assist\u00e9 \u00e0 cette rencontre, soulignant l\u2019importance strat\u00e9gique de la protection des for\u00eats pour la souverainet\u00e9 environnementale et la s\u00e9curit\u00e9 \u00e9cologique du pays.<br>Dans son allocution, M. Oualid a rappel\u00e9 que la probl\u00e9matique des incendies de for\u00eat constitue un risque majeur pour l\u2019Alg\u00e9rie, en raison de la fr\u00e9quence croissante des d\u00e9parts de feu, souvent li\u00e9s aux activit\u00e9s humaines, et de l\u2019impact direct des changements climatiques. Il a insist\u00e9 sur la n\u00e9cessit\u00e9 d\u2019adopter une strat\u00e9gie moderne et innovante, reposant sur la collaboration entre les diff\u00e9rents secteurs \u00e9tatiques et la mobilisation des communaut\u00e9s locales. Selon lui, cette approche proactive a permis de r\u00e9duire de mani\u00e8re significative les superficies foresti\u00e8res affect\u00e9es lors des saisons 2024 et 2025, d\u00e9montrant l\u2019efficacit\u00e9 des actions entreprises. Les statistiques officielles pr\u00e9sent\u00e9es par le ministre indiquent que la superficie totale br\u00fbl\u00e9e en 2025 s\u2019\u00e9l\u00e8ve \u00e0 5.289 hectares, dont 932 hectares hors du programme de pr\u00e9vention et de lutte contre les incendies. Ce chiffre repr\u00e9sente une diminution spectaculaire de pr\u00e8s de 90 % par rapport \u00e0 la moyenne de la derni\u00e8re d\u00e9cennie, qui avoisinait les 40.000 hectares par an. \u00ab Ces r\u00e9sultats sont le fruit d\u2019un engagement total des institutions gouvernementales, en accord avec les directives des plus hautes instances du pays, mettant l\u2019accent sur la pr\u00e9servation du patrimoine forestier \u00bb, a pr\u00e9cis\u00e9 M. Oualid, en soulignant la coordination exemplaire entre l\u2019Arm\u00e9e nationale populaire, les services de s\u00e9curit\u00e9, la Protection civile, la DGF et les divers d\u00e9partements minist\u00e9riels.<br>Pour faire face aux d\u00e9fis actuels, le ministre a annonc\u00e9 l\u2019adoption d\u2019une approche int\u00e9gr\u00e9e bas\u00e9e sur la num\u00e9risation et l\u2019innovation. Le dispositif inclut l\u2019utilisation de drones pour la d\u00e9tection rapide des d\u00e9parts de feu, l\u2019exploitation d\u2019images satellitaires en partenariat avec l\u2019Agence spatiale alg\u00e9rienne (ASAL) afin d\u2019\u00e9valuer avec pr\u00e9cision les dommages et la mise en \u0153uvre de syst\u00e8mes d\u2019information g\u00e9ographique (SIG) pour analyser les risques, coordonner les interventions et planifier des actions de pr\u00e9vention bas\u00e9es sur les donn\u00e9es climatiques. La cr\u00e9ation de bases de donn\u00e9es num\u00e9riques nationales permettra \u00e9galement un partage d\u2019informations efficace entre les diff\u00e9rents secteurs concern\u00e9s.<br>M. Oualid a insist\u00e9 sur l\u2019importance d\u2019harmoniser les m\u00e9thodes scientifiques et op\u00e9rationnelles pour \u00e9valuer les pertes dues aux incendies, combinant observations de terrain, donn\u00e9es satellites et analyses num\u00e9riques afin de garantir la fiabilit\u00e9 des statistiques et la cr\u00e9dibilit\u00e9 des bilans. Il a \u00e9galement soulign\u00e9 la n\u00e9cessit\u00e9 de cr\u00e9er une commission sectorielle op\u00e9rationnelle charg\u00e9e de superviser l\u2019application des recommandations, d\u2019am\u00e9liorer la coop\u00e9ration intersectorielle et de renforcer l\u2019implication des citoyens et des communaut\u00e9s locales dans les initiatives de pr\u00e9vention et d\u2019alerte pr\u00e9coce.<br>Le ministre a insist\u00e9 sur la sensibilisation des agriculteurs \u00e0 la protection de leurs exploitations et \u00e0 la coop\u00e9ration avec l\u2019ASAL pour l\u2019analyse des donn\u00e9es, tout en \u00e9voquant la possibilit\u00e9 d\u2019exploiter le satellite \u00ab\u202fAlcomsat-1\u202f\u00bb pour am\u00e9liorer les communications dans les zones isol\u00e9es. Il a \u00e9galement mis en avant le r\u00f4le des start-up sp\u00e9cialis\u00e9es dans les technologies avanc\u00e9es, appel\u00e9es \u00e0 contribuer \u00e0 la modernisation du syst\u00e8me national de pr\u00e9vention des incendies.<br>Enfin, M. Oualid a annonc\u00e9 que la campagne nationale de pr\u00e9vention et de lutte contre les incendies forestiers d\u00e9butera officiellement le 1er mai prochain. Lors de la r\u00e9union, la DGF a pr\u00e9sent\u00e9 le bilan d\u00e9taill\u00e9 des incendies de 2025 et la strat\u00e9gie \u00e0 adopter pour 2026.<br>Les porte-paroles de la Protection civile et de la Gendarmerie nationale ont expos\u00e9 leurs missions, d\u00e9taillant les actions de pr\u00e9vention, les mesures d\u2019alerte et les programmes de sensibilisation visant \u00e0 renforcer la protection des for\u00eats alg\u00e9riennes.<br><strong>Amira Benhizia<\/strong><\/p>\n","protected":false},"excerpt":{"rendered":"<p>L\u2019installation de la Commission nationale de protection des for\u00eats pour l\u2019ann\u00e9e 2026, initiative phare visant \u00e0 renforcer le dispositif national de pr\u00e9vention et d\u2019intervention contre les incendies forestiers, s\u2019est d\u00e9roul\u00e9e samedi dernier \u00e0 Alger dans un climat solennel marqu\u00e9 par la pr\u00e9sence de hauts responsables du secteur.Cette commission a pour [&hellip;]<\/p>\n","protected":false},"author":3,"featured_media":57394,"comment_status":"closed","ping_status":"open","sticky":false,"template":"","format":"standard","meta":{"footnotes":""},"categories":[63],"tags":[109],"class_list":["post-57393","post","type-post","status-publish","format-standard","has-post-thumbnail","hentry","category-economie","tag-agriculture"],"_links":{"self":[{"href":"https:\/\/alger16.dz\/index.php?rest_route=\/wp\/v2\/posts\/57393","targetHints":{"allow":["GET"]}}],"collection":[{"href":"https:\/\/alger16.dz\/index.php?rest_route=\/wp\/v2\/posts"}],"about":[{"href":"https:\/\/alger16.dz\/index.php?rest_route=\/wp\/v2\/types\/post"}],"author":[{"embeddable":true,"href":"https:\/\/alger16.dz\/index.php?rest_route=\/wp\/v2\/users\/3"}],"replies":[{"embeddable":true,"href":"https:\/\/alger16.dz\/index.php?rest_route=%2Fwp%2Fv2%2Fcomments&post=57393"}],"version-history":[{"count":1,"href":"https:\/\/alger16.dz\/index.php?rest_route=\/wp\/v2\/posts\/57393\/revisions"}],"predecessor-version":[{"id":57395,"href":"https:\/\/alger16.dz\/index.php?rest_route=\/wp\/v2\/posts\/57393\/revisions\/57395"}],"wp:featuredmedia":[{"embeddable":true,"href":"https:\/\/alger16.dz\/index.php?rest_route=\/wp\/v2\/media\/57394"}],"wp:attachment":[{"href":"https:\/\/alger16.dz\/index.php?rest_route=%2Fwp%2Fv2%2Fmedia&parent=57393"}],"wp:term":[{"taxonomy":"category","embeddable":true,"href":"https:\/\/alger16.dz\/index.php?rest_route=%2Fwp%2Fv2%2Fcategories&post=57393"},{"taxonomy":"post_tag","embeddable":true,"href":"https:\/\/alger16.dz\/index.php?rest_route=%2Fwp%2Fv2%2Ftags&post=57393"}],"curies":[{"name":"wp","href":"https:\/\/api.w.org\/{rel}","templated":true}]}}