{"id":57396,"date":"2026-03-17T00:54:00","date_gmt":"2026-03-17T00:54:00","guid":{"rendered":"https:\/\/alger16.dz\/?p=57396"},"modified":"2026-03-17T01:56:01","modified_gmt":"2026-03-17T01:56:01","slug":"droits-des-personnes-a-besoins-specifiques-les-efforts-de-letat-mis-en-exergue","status":"publish","type":"post","link":"https:\/\/alger16.dz\/?p=57396","title":{"rendered":"Droits des personnes \u00e0 besoins sp\u00e9cifiques : Les efforts de l&rsquo;\u00e9tat mis en exergue"},"content":{"rendered":"\n<figure class=\"wp-block-image size-large\"><img loading=\"lazy\" decoding=\"async\" width=\"1024\" height=\"576\" src=\"https:\/\/alger16.dz\/wp-content\/uploads\/2026\/03\/souk-ahras-1024x576.jpg\" alt=\"\" class=\"wp-image-57397\" srcset=\"https:\/\/alger16.dz\/wp-content\/uploads\/2026\/03\/souk-ahras-1024x576.jpg 1024w, https:\/\/alger16.dz\/wp-content\/uploads\/2026\/03\/souk-ahras-300x169.jpg 300w, https:\/\/alger16.dz\/wp-content\/uploads\/2026\/03\/souk-ahras-768x432.jpg 768w, https:\/\/alger16.dz\/wp-content\/uploads\/2026\/03\/souk-ahras.jpg 1080w\" sizes=\"auto, (max-width: 1024px) 100vw, 1024px\" \/><\/figure>\n\n\n\n<p><strong>La ministre de la Solidarit\u00e9 nationale, de la Famille et de la Condition de la femme, Soraya Mouloudji, a mis en lumi\u00e8re, dimanche dernier \u00e0 Souk-Ahras, les efforts soutenus d\u00e9ploy\u00e9s par l\u2019\u00c9tat pour garantir la protection, la promotion et l\u2019inclusion des personnes \u00e0 besoins sp\u00e9cifiques dans l\u2019ensemble des domaines de la vie sociale, \u00e9conomique et professionnelle.<\/strong><\/p>\n\n\n\n<p>Intervenant dans la salle de conf\u00e9rences Miloud-Tahri, au deuxi\u00e8me jour de la visite de travail qu\u2019elle effectue dans la wilaya \u00e0 l\u2019occasion de la Journ\u00e9e nationale des personnes \u00e0 besoins sp\u00e9cifiques en Alg\u00e9rie, c\u00e9l\u00e9br\u00e9e chaque ann\u00e9e le 14 mars, la ministre a soulign\u00e9 que le gouvernement, \u00e0 travers son plan d\u2019action inspir\u00e9 du programme du pr\u00e9sident de la R\u00e9publique, Abdelmadjid Tebboune, a plac\u00e9 au premier rang de ses priorit\u00e9s l\u2019am\u00e9lioration de la prise en charge de cette cat\u00e9gorie de la soci\u00e9t\u00e9.<br>Elle a pr\u00e9cis\u00e9 que plusieurs programmes ont \u00e9t\u00e9 \u00e9labor\u00e9s afin de r\u00e9pondre aux sp\u00e9cificit\u00e9s et aux capacit\u00e9s physiques, intellectuelles et cognitives des personnes concern\u00e9es, avec l\u2019objectif de leur offrir de meilleures conditions d\u2019accompagnement et d\u2019\u00e9panouissement. Mme Mouloudji a \u00e9galement r\u00e9affirm\u00e9 la d\u00e9termination de son d\u00e9partement \u00e0 poursuivre les efforts d\u2019accompagnement en faveur des personnes \u00e0 besoins sp\u00e9cifiques, soulignant que ces actions traduisent l\u2019engagement constant de l\u2019\u00c9tat \u00e0 d\u00e9fendre leurs droits et \u00e0 favoriser leur pleine participation \u00e0 la vie sociale. Cette d\u00e9marche s\u2019inscrit, a-t-elle expliqu\u00e9, dans le cadre d\u2019un programme national visant \u00e0 promouvoir leur int\u00e9gration sociale et professionnelle, notamment dans les domaines de la sant\u00e9, de la formation et de l\u2019emploi, afin de leur permettre d\u2019acc\u00e9der \u00e0 l\u2019autonomie et de participer pleinement aux diff\u00e9rents aspects de la vie quotidienne.<br>La ministre a par ailleurs indiqu\u00e9 que le d\u00e9but de l\u2019ann\u00e9e 2026 a \u00e9t\u00e9 marqu\u00e9 par plusieurs avanc\u00e9es significatives en faveur de cette frange de la population. Parmi celles-ci figure la publication d\u2019un texte r\u00e9glementaire portant cr\u00e9ation, organisation et gestion des \u00e9tablissements d\u2019aide par le travail, plac\u00e9s sous la tutelle de son minist\u00e8re. Ce dispositif vise \u00e0 offrir aux personnes \u00e0 besoins sp\u00e9cifiques qui ne peuvent exercer une activit\u00e9 dans un environnement professionnel ordinaire la possibilit\u00e9 de travailler dans un cadre adapt\u00e9 et prot\u00e9g\u00e9, favorisant ainsi leur insertion sociale et professionnelle tout en renfor\u00e7ant leur autonomie. Dans la m\u00eame dynamique, Mme Mouloudji a annonc\u00e9 que son minist\u00e8re s\u2019attelle actuellement \u00e0 l\u2019\u00e9laboration de nouveaux textes r\u00e9glementaires li\u00e9s \u00e0 la loi n\u00b001-25 relative aux personnes \u00e0 besoins sp\u00e9cifiques. Ces textes devraient notamment introduire des mesures facilitant l\u2019ouverture de classes sp\u00e9cialis\u00e9es au sein des \u00e9tablissements scolaires ordinaires. Ils permettront \u00e9galement d\u2019encourager l\u2019implication du secteur priv\u00e9 dans la cr\u00e9ation d\u2019\u00e9tablissements d\u2019enseignement et de formation d\u00e9di\u00e9s aux personnes atteintes de d\u00e9ficience mentale.<br>Par ailleurs, ces dispositions visent \u00e0 dynamiser le r\u00f4le des comit\u00e9s de wilaya charg\u00e9s de l\u2019\u00e9ducation sp\u00e9cialis\u00e9e et de l\u2019orientation professionnelle. Ces instances auront notamment pour mission de d\u00e9livrer des certificats attestant de la qualit\u00e9 de travailleur handicap\u00e9, un document essentiel permettant \u00e0 leurs titulaires de b\u00e9n\u00e9ficier d\u2019opportunit\u00e9s d\u2019int\u00e9gration dans le milieu professionnel ordinaire.<br>Auparavant, la ministre avait donn\u00e9, sur la place du 1er-Novembre \u00e0 Souk- Ahras et aux c\u00f4t\u00e9s des autorit\u00e9s locales, le coup d\u2019envoi d\u2019une caravane de solidarit\u00e9 destin\u00e9e aux personnes \u00e2g\u00e9es, ainsi qu\u2019aux personnes \u00e0 besoins sp\u00e9cifiques.<br>Elle a \u00e9galement visit\u00e9, \u00e0 la Maison de la culture Tahar-Ouettar, une exposition pr\u00e9sentant des produits r\u00e9alis\u00e9s dans le cadre du programme \u00ab Famille productive \u00bb. \u00c0 cette occasion, Mme Mouloudji a insist\u00e9 sur l\u2019importance de soutenir les initiatives locales et de promouvoir les activit\u00e9s g\u00e9n\u00e9ratrices de revenus, notamment celles port\u00e9es par les femmes. Dans ce m\u00eame esprit, la ministre a supervis\u00e9 la signature d\u2019une convention de partenariat entre la Direction de l\u2019action sociale et de la solidarit\u00e9 (DASS) de Souk-Ahras et la Chambre de l\u2019artisanat et des m\u00e9tiers (CAM). Cet accord vise \u00e0 assurer la formation de femmes productives dans plusieurs sp\u00e9cialit\u00e9s artisanales, contribuant ainsi \u00e0 renforcer leurs comp\u00e9tences et \u00e0 am\u00e9liorer leurs perspectives d\u2019int\u00e9gration dans la vie \u00e9conomique. Mme Mouloudji a \u00e9galement proc\u00e9d\u00e9 \u00e0 l\u2019installation de quinze personnes appartenant \u00e0 cette cat\u00e9gorie sociale dans des postes permanents relevant du secteur de l\u2019\u00e9ducation. Les personnes \u00e0 besoins sp\u00e9cifiques prises en charge dans les \u00e9tablissements relevant du secteur de la solidarit\u00e9 nationale devaient \u00eatre convi\u00e9es, dimanche soir, \u00e0 un iftar collectif organis\u00e9 \u00e0 la r\u00e9sidence d\u2019h\u00f4tes de la wilaya dans une ambiance de solidarit\u00e9 et de partage.<br><strong>Cheklat Meriem<\/strong><\/p>\n","protected":false},"excerpt":{"rendered":"<p>La ministre de la Solidarit\u00e9 nationale, de la Famille et de la Condition de la femme, Soraya Mouloudji, a mis en lumi\u00e8re, dimanche dernier \u00e0 Souk-Ahras, les efforts soutenus d\u00e9ploy\u00e9s par l\u2019\u00c9tat pour garantir la protection, la promotion et l\u2019inclusion des personnes \u00e0 besoins sp\u00e9cifiques dans l\u2019ensemble des domaines de [&hellip;]<\/p>\n","protected":false},"author":3,"featured_media":57397,"comment_status":"closed","ping_status":"open","sticky":false,"template":"","format":"standard","meta":{"footnotes":""},"categories":[53],"tags":[202],"class_list":["post-57396","post","type-post","status-publish","format-standard","has-post-thumbnail","hentry","category-societe","tag-soraya-mouloudji"],"_links":{"self":[{"href":"https:\/\/alger16.dz\/index.php?rest_route=\/wp\/v2\/posts\/57396","targetHints":{"allow":["GET"]}}],"collection":[{"href":"https:\/\/alger16.dz\/index.php?rest_route=\/wp\/v2\/posts"}],"about":[{"href":"https:\/\/alger16.dz\/index.php?rest_route=\/wp\/v2\/types\/post"}],"author":[{"embeddable":true,"href":"https:\/\/alger16.dz\/index.php?rest_route=\/wp\/v2\/users\/3"}],"replies":[{"embeddable":true,"href":"https:\/\/alger16.dz\/index.php?rest_route=%2Fwp%2Fv2%2Fcomments&post=57396"}],"version-history":[{"count":1,"href":"https:\/\/alger16.dz\/index.php?rest_route=\/wp\/v2\/posts\/57396\/revisions"}],"predecessor-version":[{"id":57398,"href":"https:\/\/alger16.dz\/index.php?rest_route=\/wp\/v2\/posts\/57396\/revisions\/57398"}],"wp:featuredmedia":[{"embeddable":true,"href":"https:\/\/alger16.dz\/index.php?rest_route=\/wp\/v2\/media\/57397"}],"wp:attachment":[{"href":"https:\/\/alger16.dz\/index.php?rest_route=%2Fwp%2Fv2%2Fmedia&parent=57396"}],"wp:term":[{"taxonomy":"category","embeddable":true,"href":"https:\/\/alger16.dz\/index.php?rest_route=%2Fwp%2Fv2%2Fcategories&post=57396"},{"taxonomy":"post_tag","embeddable":true,"href":"https:\/\/alger16.dz\/index.php?rest_route=%2Fwp%2Fv2%2Ftags&post=57396"}],"curies":[{"name":"wp","href":"https:\/\/api.w.org\/{rel}","templated":true}]}}