{"id":57402,"date":"2026-03-17T00:59:00","date_gmt":"2026-03-17T00:59:00","guid":{"rendered":"https:\/\/alger16.dz\/?p=57402"},"modified":"2026-03-17T02:03:35","modified_gmt":"2026-03-17T02:03:35","slug":"preparatifs-de-laid-el-fitr-suivi-du-systeme-de-permanence-et-de-la-garantie-dune-reprise-normale-de-lactivite-commerciale","status":"publish","type":"post","link":"https:\/\/alger16.dz\/?p=57402","title":{"rendered":"Pr\u00e9paratifs de l&rsquo;A\u00efd El-Fitr : Suivi du syst\u00e8me de permanence et de la garantie d&rsquo;une reprise normale de l&rsquo;activit\u00e9 commerciale"},"content":{"rendered":"\n<figure class=\"wp-block-image size-large\"><img loading=\"lazy\" decoding=\"async\" width=\"1024\" height=\"768\" src=\"https:\/\/alger16.dz\/wp-content\/uploads\/2026\/03\/commerce-1-1024x768.jpg\" alt=\"\" class=\"wp-image-57403\" srcset=\"https:\/\/alger16.dz\/wp-content\/uploads\/2026\/03\/commerce-1-1024x768.jpg 1024w, https:\/\/alger16.dz\/wp-content\/uploads\/2026\/03\/commerce-1-300x225.jpg 300w, https:\/\/alger16.dz\/wp-content\/uploads\/2026\/03\/commerce-1-768x576.jpg 768w, https:\/\/alger16.dz\/wp-content\/uploads\/2026\/03\/commerce-1.jpg 1080w\" sizes=\"auto, (max-width: 1024px) 100vw, 1024px\" \/><\/figure>\n\n\n\n<p><strong>La ministre du Commerce int\u00e9rieur et de la R\u00e9gulation du march\u00e9 national, Amel Abdellatif, a pr\u00e9sid\u00e9 dimanche \u00e0 Alger une r\u00e9union de coordination avec les directeurs r\u00e9gionaux du commerce afin de finaliser les pr\u00e9paratifs li\u00e9s \u00e0 l\u2019A\u00efd El-Fitr, a indiqu\u00e9 un communiqu\u00e9.<\/strong><\/p>\n\n\n\n<p>Cette rencontre, \u00e0 laquelle ont \u00e9galement pris part plusieurs cadres de l\u2019administration centrale, a permis d\u2019examiner les mesures mises en place pour garantir la disponibilit\u00e9 des produits de consommation courante sur le march\u00e9 durant cette p\u00e9riode de forte demande.<br>\u00c0 cette occasion, les directeurs r\u00e9gionaux ont pr\u00e9sent\u00e9 les dispositifs d\u00e9ploy\u00e9s dans leurs wilayas respectives, notamment le programme de permanence des commer\u00e7ants. Celui-ci pr\u00e9voit l\u2019ouverture continue de plusieurs activit\u00e9s essentielles, en particulier les boulangeries, les \u00e9piceries et les services indispensables.<br>Dans ce contexte, Amel Abdellatif a insist\u00e9 sur l\u2019importance d\u2019une pr\u00e9sence active sur le terrain et d\u2019un suivi rigoureux du dispositif de permanence, afin d\u2019assurer le bon d\u00e9roulement de l\u2019activit\u00e9 commerciale pendant et apr\u00e8s cette f\u00eate religieuse. Elle a \u00e9galement appel\u00e9 \u00e0 renforcer la coordination avec l\u2019ensemble des acteurs concern\u00e9s.<br>La ministre a par ailleurs salu\u00e9 \u00ab l\u2019attitude responsable d\u00e9montr\u00e9e par les commer\u00e7ants et leur soutien aux consommateurs lors des f\u00eates et des occasions sp\u00e9ciales \u00bb.<br>Elle a \u00e9galement soulign\u00e9 l\u2019importance de promouvoir l\u2019utilisation de l\u2019application num\u00e9rique Morafik Com, pr\u00e9sent\u00e9e comme un outil digital fiable permettant aux citoyens de localiser facilement les commer\u00e7ants assurant la permanence, tout en encourageant la culture du signalement en cas de dysfonctionnement.<br>S\u2019agissant des march\u00e9s de fruits et l\u00e9gumes, la ministre a instruit les responsables de la soci\u00e9t\u00e9 Magros de veiller \u00e0 l\u2019ouverture de l\u2019ensemble des march\u00e9s r\u00e9gionaux et \u00e0 la mise en place de toutes les conditions organisationnelles n\u00e9cessaires durant toute la p\u00e9riode de l\u2019A\u00efd El-Fitr, conclut le communiqu\u00e9.<br><strong>Amira Benhizia<\/strong><\/p>\n","protected":false},"excerpt":{"rendered":"<p>La ministre du Commerce int\u00e9rieur et de la R\u00e9gulation du march\u00e9 national, Amel Abdellatif, a pr\u00e9sid\u00e9 dimanche \u00e0 Alger une r\u00e9union de coordination avec les directeurs r\u00e9gionaux du commerce afin de finaliser les pr\u00e9paratifs li\u00e9s \u00e0 l\u2019A\u00efd El-Fitr, a indiqu\u00e9 un communiqu\u00e9. Cette rencontre, \u00e0 laquelle ont \u00e9galement pris part [&hellip;]<\/p>\n","protected":false},"author":3,"featured_media":57403,"comment_status":"closed","ping_status":"open","sticky":false,"template":"","format":"standard","meta":{"footnotes":""},"categories":[63],"tags":[1930],"class_list":["post-57402","post","type-post","status-publish","format-standard","has-post-thumbnail","hentry","category-economie","tag-aid-el-fitr"],"_links":{"self":[{"href":"https:\/\/alger16.dz\/index.php?rest_route=\/wp\/v2\/posts\/57402","targetHints":{"allow":["GET"]}}],"collection":[{"href":"https:\/\/alger16.dz\/index.php?rest_route=\/wp\/v2\/posts"}],"about":[{"href":"https:\/\/alger16.dz\/index.php?rest_route=\/wp\/v2\/types\/post"}],"author":[{"embeddable":true,"href":"https:\/\/alger16.dz\/index.php?rest_route=\/wp\/v2\/users\/3"}],"replies":[{"embeddable":true,"href":"https:\/\/alger16.dz\/index.php?rest_route=%2Fwp%2Fv2%2Fcomments&post=57402"}],"version-history":[{"count":1,"href":"https:\/\/alger16.dz\/index.php?rest_route=\/wp\/v2\/posts\/57402\/revisions"}],"predecessor-version":[{"id":57404,"href":"https:\/\/alger16.dz\/index.php?rest_route=\/wp\/v2\/posts\/57402\/revisions\/57404"}],"wp:featuredmedia":[{"embeddable":true,"href":"https:\/\/alger16.dz\/index.php?rest_route=\/wp\/v2\/media\/57403"}],"wp:attachment":[{"href":"https:\/\/alger16.dz\/index.php?rest_route=%2Fwp%2Fv2%2Fmedia&parent=57402"}],"wp:term":[{"taxonomy":"category","embeddable":true,"href":"https:\/\/alger16.dz\/index.php?rest_route=%2Fwp%2Fv2%2Fcategories&post=57402"},{"taxonomy":"post_tag","embeddable":true,"href":"https:\/\/alger16.dz\/index.php?rest_route=%2Fwp%2Fv2%2Ftags&post=57402"}],"curies":[{"name":"wp","href":"https:\/\/api.w.org\/{rel}","templated":true}]}}