{"id":57437,"date":"2026-03-16T09:28:00","date_gmt":"2026-03-16T09:28:00","guid":{"rendered":"https:\/\/alger16.dz\/?p=57437"},"modified":"2026-03-17T06:29:28","modified_gmt":"2026-03-17T06:29:28","slug":"ahmed-attaf-recoit-un-appel-telephonique-de-son-homologue-francais","status":"publish","type":"post","link":"https:\/\/alger16.dz\/?p=57437","title":{"rendered":"Ahmed Attaf re\u00e7oit un appel t\u00e9l\u00e9phonique de son homologue fran\u00e7ais"},"content":{"rendered":"\n<figure class=\"wp-block-image size-full\"><img loading=\"lazy\" decoding=\"async\" width=\"533\" height=\"330\" src=\"https:\/\/alger16.dz\/wp-content\/uploads\/2026\/03\/attaf.jpg\" alt=\"\" class=\"wp-image-57438\" srcset=\"https:\/\/alger16.dz\/wp-content\/uploads\/2026\/03\/attaf.jpg 533w, https:\/\/alger16.dz\/wp-content\/uploads\/2026\/03\/attaf-300x186.jpg 300w\" sizes=\"auto, (max-width: 533px) 100vw, 533px\" \/><\/figure>\n\n\n\n<p>Le ministre d\u2019\u00c9tat, ministre des Affaires \u00e9trang\u00e8res, de la Communaut\u00e9 nationale \u00e0 l\u2019\u00e9tranger et des Affaires africaines, M. Ahmed Attaf, a re\u00e7u dimanche dernier un appel t\u00e9l\u00e9phonique de son homologue fran\u00e7ais, le ministre de l\u2019Europe et des Affaires \u00e9trang\u00e8res, M. Jean-No\u00ebl Barrot.<br>\u00c0 cette occasion, les deux ministres ont pass\u00e9 en revue l\u2019\u00e9tat des relations bilat\u00e9rales entre les deux pays, ainsi que les perspectives qui s\u2019offrent \u00e0 elles. Les deux parties ont \u00e9galement \u00e9chang\u00e9 leurs points de vue sur la situation dans l\u2019espace sah\u00e9lo-saharien, ainsi que sur les d\u00e9veloppements li\u00e9s au processus de r\u00e8glement de la question du Sahara occidental.<br>Par ailleurs, les deux ministres ont aussi abord\u00e9 les \u00e9volutions graves que conna\u00eet la r\u00e9gion du Moyen-Orient et leurs lourdes r\u00e9percussions aux niveaux r\u00e9gional et international.<br>Dans ce contexte, une attention particuli\u00e8re a \u00e9t\u00e9 accord\u00e9e \u00e0 la situation au Liban, qui constitue une source de pr\u00e9occupation commune pour les deux pays.<\/p>\n","protected":false},"excerpt":{"rendered":"<p>Le ministre d\u2019\u00c9tat, ministre des Affaires \u00e9trang\u00e8res, de la Communaut\u00e9 nationale \u00e0 l\u2019\u00e9tranger et des Affaires africaines, M. Ahmed Attaf, a re\u00e7u dimanche dernier un appel t\u00e9l\u00e9phonique de son homologue fran\u00e7ais, le ministre de l\u2019Europe et des Affaires \u00e9trang\u00e8res, M. Jean-No\u00ebl Barrot.\u00c0 cette occasion, les deux ministres ont pass\u00e9 en [&hellip;]<\/p>\n","protected":false},"author":3,"featured_media":57438,"comment_status":"closed","ping_status":"open","sticky":false,"template":"","format":"standard","meta":{"footnotes":""},"categories":[36],"tags":[229],"class_list":["post-57437","post","type-post","status-publish","format-standard","has-post-thumbnail","hentry","category-actualites","tag-ahmed-attaf"],"_links":{"self":[{"href":"https:\/\/alger16.dz\/index.php?rest_route=\/wp\/v2\/posts\/57437","targetHints":{"allow":["GET"]}}],"collection":[{"href":"https:\/\/alger16.dz\/index.php?rest_route=\/wp\/v2\/posts"}],"about":[{"href":"https:\/\/alger16.dz\/index.php?rest_route=\/wp\/v2\/types\/post"}],"author":[{"embeddable":true,"href":"https:\/\/alger16.dz\/index.php?rest_route=\/wp\/v2\/users\/3"}],"replies":[{"embeddable":true,"href":"https:\/\/alger16.dz\/index.php?rest_route=%2Fwp%2Fv2%2Fcomments&post=57437"}],"version-history":[{"count":1,"href":"https:\/\/alger16.dz\/index.php?rest_route=\/wp\/v2\/posts\/57437\/revisions"}],"predecessor-version":[{"id":57439,"href":"https:\/\/alger16.dz\/index.php?rest_route=\/wp\/v2\/posts\/57437\/revisions\/57439"}],"wp:featuredmedia":[{"embeddable":true,"href":"https:\/\/alger16.dz\/index.php?rest_route=\/wp\/v2\/media\/57438"}],"wp:attachment":[{"href":"https:\/\/alger16.dz\/index.php?rest_route=%2Fwp%2Fv2%2Fmedia&parent=57437"}],"wp:term":[{"taxonomy":"category","embeddable":true,"href":"https:\/\/alger16.dz\/index.php?rest_route=%2Fwp%2Fv2%2Fcategories&post=57437"},{"taxonomy":"post_tag","embeddable":true,"href":"https:\/\/alger16.dz\/index.php?rest_route=%2Fwp%2Fv2%2Ftags&post=57437"}],"curies":[{"name":"wp","href":"https:\/\/api.w.org\/{rel}","templated":true}]}}