{"id":57455,"date":"2026-03-17T12:17:44","date_gmt":"2026-03-17T12:17:44","guid":{"rendered":"https:\/\/alger16.dz\/?p=57455"},"modified":"2026-03-17T12:17:44","modified_gmt":"2026-03-17T12:17:44","slug":"lonu-alerte-sur-une-vague-mondiale-visant-les-musulmans-de-la-planete","status":"publish","type":"post","link":"https:\/\/alger16.dz\/?p=57455","title":{"rendered":"L&rsquo;ONU alerte sur une vague mondiale visant les musulmans de la plan\u00e8te"},"content":{"rendered":"\n<figure class=\"wp-block-image size-full\"><img loading=\"lazy\" decoding=\"async\" width=\"900\" height=\"675\" src=\"https:\/\/alger16.dz\/wp-content\/uploads\/2026\/03\/image-205.png\" alt=\"\" class=\"wp-image-57456\" srcset=\"https:\/\/alger16.dz\/wp-content\/uploads\/2026\/03\/image-205.png 900w, https:\/\/alger16.dz\/wp-content\/uploads\/2026\/03\/image-205-300x225.png 300w, https:\/\/alger16.dz\/wp-content\/uploads\/2026\/03\/image-205-768x576.png 768w\" sizes=\"auto, (max-width: 900px) 100vw, 900px\" \/><\/figure>\n\n\n\n<p><strong>L&rsquo;ONU a lanc\u00e9 hier lundi un avertissement appuy\u00e9 contre une vague mondiale de discrimination visant les deux milliards de musulmans de la plan\u00e8te, dans un monde d\u00e9j\u00e0 fractur\u00e9 par les guerres et les crises politiques<\/strong>.<\/p>\n\n\n\n<p>\u00abNous sommes confront\u00e9s \u00e0 une mont\u00e9e de l&rsquo;intol\u00e9rance et de la haine antimusulmanes\u00bb, a d\u00e9plor\u00e9 le Secr\u00e9taire g\u00e9n\u00e9ral de l&rsquo;ONU, Antonio Guterres, lors d&rsquo;une r\u00e9union \u00e0 l&rsquo;Assembl\u00e9e g\u00e9n\u00e9rale sur la question, organis\u00e9e \u00e0 l&rsquo;occasion de la Journ\u00e9e internationale de lutte contre l&rsquo;islamophobie, c\u00e9l\u00e9br\u00e9e le 15 mars de chaque ann\u00e9e.<\/p>\n\n\n\n<p>Cette hostilit\u00e9 prend selon lui des formes multiples : \u00abDiscrimination institutionnelle, marginalisation socio-\u00e9conomique, restrictions migratoires g\u00e9n\u00e9ralis\u00e9es, surveillance et profilage injustifi\u00e9s\u00bb.&nbsp;Mais, a-t-il insist\u00e9, la violence la plus visible n&rsquo;est que la partie \u00e9merg\u00e9e d&rsquo;un ph\u00e9nom\u00e8ne plus diffus.<\/p>\n\n\n\n<p>\u00abLes pr\u00e9jug\u00e9s peuvent aussi \u00eatre subtils\u00bb, a averti le chef de l&rsquo;ONU, \u00e9voquant \u00abdes opportunit\u00e9s discr\u00e8tement refus\u00e9es, des suppositions laiss\u00e9es sans r\u00e9ponse, des questions empreintes de suspicion\u00bb. Autant d&rsquo;exp\u00e9riences quotidiennes qui, accumul\u00e9es, \u00ab fa\u00e7onnent des vies enti\u00e8res\u00bb.<\/p>\n\n\n\n<p>Cette dynamique s&rsquo;inscrit dans un contexte international particuli\u00e8rement inflammable. Les conflits qui secouent le Moyen-Orient alimentent une circulation massive de discours hostiles sur les r\u00e9seaux sociaux, tandis que certaines rh\u00e9toriques politiques contribuent \u00e0 banaliser les st\u00e9r\u00e9otypes.<\/p>\n\n\n\n<p>Le Haut-Commissaire des Nations unies aux droits de l&rsquo;homme, Volker T\u00fcrk, \u00e9voque ainsi une \u00abvague croissante\u00bb d&rsquo;islamophobie.&nbsp;\u00abPartout dans le monde, les actes de harc\u00e8lement, de discrimination et de violence visant les musulmans ont augment\u00e9\u00bb, a-t-il d\u00e9clar\u00e9 dans un message vid\u00e9o.<\/p>\n\n\n\n<p>Des musulmans \u00absont attaqu\u00e9s dans la rue et \u00e0 l&rsquo;\u00e9cole\u00bb, des mosqu\u00e9es sont vandalis\u00e9es et \u00ables commentaires haineux prolif\u00e8rent sur les r\u00e9seaux sociaux\u00bb, ciblant souvent \u00ables femmes et les filles qui portent le hijab\u00bb.<\/p>\n\n\n\n<p>Au-del\u00e0 des agressions physiques, les discriminations s&rsquo;infiltrent dans des domaines plus ordinaires, tels que l&#8217;emploi, le logement et l&rsquo;acc\u00e8s aux soins.&nbsp;Dans certains pays, souligne le responsable onusien, ces biais peuvent m\u00eame \u00eatre \u00abinscrits dans la loi\u00bb.<\/p>\n\n\n\n<p>Il d\u00e9nonce \u00e9galement l&rsquo;usage abusif de politiques antiterroristes qui servent \u00e0 \u00absurveiller et d\u00e9tenir des musulmans\u00bb, ou encore le profilage syst\u00e9matique des voyageurs venant de pays \u00e0 majorit\u00e9 musulmane.<\/p>\n\n\n\n<p>Antonio Guterres a nomm\u00e9 en mai 2025 Miguel Angel Moratinos envoy\u00e9 sp\u00e9cial charg\u00e9 de coordonner l&rsquo;action internationale contre l&rsquo;islamophobie, un mandat destin\u00e9 \u00e0 renforcer les initiatives existantes contre les discours de haine.<\/p>\n\n\n\n<p>Pour ce dernier, la dynamique actuelle d\u00e9passe largement la sph\u00e8re num\u00e9rique. \u00abL&rsquo;augmentation des actes islamophobes en Europe est tr\u00e8s, tr\u00e8s grave\u00bb, a-t-il d\u00e9clar\u00e9 \u00e0 l&rsquo;Assembl\u00e9e.&nbsp;Mais l&rsquo;origine du danger principal se situe selon lui ailleurs : \u00abLe plus dangereux n&rsquo;est pas la plateforme num\u00e9rique, c&rsquo;est la plateforme politique.<\/p>\n\n\n\n<p>Ce sont des responsables qui encouragent leur \u00e9lectorat \u00e0 utiliser les r\u00e9seaux sociaux pour insulter et r\u00e9pandre la haine\u00bb.&nbsp;L&rsquo;ancien ministre espagnol pointe \u00e9galement \u00abla grande ignorance qui existe dans le monde occidental \u00e0 propos de l&rsquo;islam\u00bb, un d\u00e9ficit de connaissance qui nourrit les fantasmes et les amalgames.<\/p>\n","protected":false},"excerpt":{"rendered":"<p>L&rsquo;ONU a lanc\u00e9 hier lundi un avertissement appuy\u00e9 contre une vague mondiale de discrimination visant les deux milliards de musulmans de la plan\u00e8te, dans un monde d\u00e9j\u00e0 fractur\u00e9 par les guerres et les crises politiques. \u00abNous sommes confront\u00e9s \u00e0 une mont\u00e9e de l&rsquo;intol\u00e9rance et de la haine antimusulmanes\u00bb, a d\u00e9plor\u00e9 [&hellip;]<\/p>\n","protected":false},"author":3,"featured_media":57456,"comment_status":"closed","ping_status":"open","sticky":false,"template":"","format":"standard","meta":{"footnotes":""},"categories":[65],"tags":[433,2594,118],"class_list":["post-57455","post","type-post","status-publish","format-standard","has-post-thumbnail","hentry","category-monde","tag-islam","tag-islamophobie","tag-onu"],"_links":{"self":[{"href":"https:\/\/alger16.dz\/index.php?rest_route=\/wp\/v2\/posts\/57455","targetHints":{"allow":["GET"]}}],"collection":[{"href":"https:\/\/alger16.dz\/index.php?rest_route=\/wp\/v2\/posts"}],"about":[{"href":"https:\/\/alger16.dz\/index.php?rest_route=\/wp\/v2\/types\/post"}],"author":[{"embeddable":true,"href":"https:\/\/alger16.dz\/index.php?rest_route=\/wp\/v2\/users\/3"}],"replies":[{"embeddable":true,"href":"https:\/\/alger16.dz\/index.php?rest_route=%2Fwp%2Fv2%2Fcomments&post=57455"}],"version-history":[{"count":1,"href":"https:\/\/alger16.dz\/index.php?rest_route=\/wp\/v2\/posts\/57455\/revisions"}],"predecessor-version":[{"id":57457,"href":"https:\/\/alger16.dz\/index.php?rest_route=\/wp\/v2\/posts\/57455\/revisions\/57457"}],"wp:featuredmedia":[{"embeddable":true,"href":"https:\/\/alger16.dz\/index.php?rest_route=\/wp\/v2\/media\/57456"}],"wp:attachment":[{"href":"https:\/\/alger16.dz\/index.php?rest_route=%2Fwp%2Fv2%2Fmedia&parent=57455"}],"wp:term":[{"taxonomy":"category","embeddable":true,"href":"https:\/\/alger16.dz\/index.php?rest_route=%2Fwp%2Fv2%2Fcategories&post=57455"},{"taxonomy":"post_tag","embeddable":true,"href":"https:\/\/alger16.dz\/index.php?rest_route=%2Fwp%2Fv2%2Ftags&post=57455"}],"curies":[{"name":"wp","href":"https:\/\/api.w.org\/{rel}","templated":true}]}}