{"id":57461,"date":"2026-03-17T14:31:07","date_gmt":"2026-03-17T14:31:07","guid":{"rendered":"https:\/\/alger16.dz\/?p=57461"},"modified":"2026-03-17T14:31:08","modified_gmt":"2026-03-17T14:31:08","slug":"wilaya-dalger-rabehi-preside-une-reunion-du-conseil-executif","status":"publish","type":"post","link":"https:\/\/alger16.dz\/?p=57461","title":{"rendered":"Wilaya d\u2019Alger : Rabehi pr\u00e9side une r\u00e9union du Conseil ex\u00e9cutif"},"content":{"rendered":"\n<figure class=\"wp-block-image size-large\"><img loading=\"lazy\" decoding=\"async\" width=\"1024\" height=\"624\" src=\"https:\/\/alger16.dz\/wp-content\/uploads\/2026\/03\/image-207-1024x624.png\" alt=\"\" class=\"wp-image-57467\" srcset=\"https:\/\/alger16.dz\/wp-content\/uploads\/2026\/03\/image-207-1024x624.png 1024w, https:\/\/alger16.dz\/wp-content\/uploads\/2026\/03\/image-207-300x183.png 300w, https:\/\/alger16.dz\/wp-content\/uploads\/2026\/03\/image-207-768x468.png 768w, https:\/\/alger16.dz\/wp-content\/uploads\/2026\/03\/image-207.png 1080w\" sizes=\"auto, (max-width: 1024px) 100vw, 1024px\" \/><\/figure>\n\n\n\n<p><strong>\u00a0Le ministre, wali d&rsquo;Alger, Mohamed Abdenour Rabehi, a pr\u00e9sid\u00e9 une r\u00e9union du Conseil ex\u00e9cutif consacr\u00e9e au suivi de la situation des projets inscrits au programme de d\u00e9veloppement local, a indiqu\u00e9 mardi un communiqu\u00e9 des services de la wilaya.<\/strong><\/p>\n\n\n\n<p>A l\u2019entame de la r\u00e9union, tenue lundi soir, un expos\u00e9 a \u00e9t\u00e9 pr\u00e9sent\u00e9 sur les projets inscrits dans le cadre du programme de d\u00e9veloppement local g\u00e9r\u00e9 par les communes, comprenant la r\u00e9alisation de 311 op\u00e9rations et projets de proximit\u00e9.<\/p>\n\n\n\n<p>Ces projets comprennent notamment \u00ab\u00a0le rev\u00eatement et l\u2019am\u00e9nagement des routes, la r\u00e9habilitation des diff\u00e9rents r\u00e9seaux, ainsi que l\u2019am\u00e9nagement et l\u2019entretien des \u00e9coles primaires\u00a0\u00bb.<\/p>\n\n\n\n<p>M. Rabehi s\u2019est dit satisfait de \u00ab\u00a0l\u2019avancement de la cadence de r\u00e9alisation, notamment pour les projets qui \u00e9taient en suspens\u00a0\u00bb, pr\u00e9cise-t-on de m\u00eame source.<\/p>\n\n\n\n<p>Un expos\u00e9 exhaustif a \u00e9t\u00e9 pr\u00e9sent\u00e9 \u00e9galement sur la situation des projets inscrits dans les diff\u00e9rents secteurs par la Direction des \u00e9quipements publics.<\/p>\n\n\n\n<p>Des difficult\u00e9s qui entravent la concr\u00e9tisation de certains de ces projets ont \u00e9t\u00e9 \u00e9voqu\u00e9s, dont la non disponibilit\u00e9 du foncier, l\u2019exploitation de certaines assiettes par des citoyens, en sus de certaines entraves li\u00e9es \u00e0 la d\u00e9livrance des permis de r\u00e9alisation\u00a0\u00bb.<\/p>\n\n\n\n<p>A cet effet, M. Rabehi a donn\u00e9 \u00ab\u00a0une s\u00e9rie d\u2019instructions portant sur la n\u00e9cessit\u00e9 de prendre les mesures requises par les diff\u00e9rents services concern\u00e9s, tout en renfor\u00e7ant la coordination et en tenant des r\u00e9unions p\u00e9riodiques afin de lever les obstacles\u00a0\u00bb, conclut le communiqu\u00e9.<\/p>\n","protected":false},"excerpt":{"rendered":"<p>\u00a0Le ministre, wali d&rsquo;Alger, Mohamed Abdenour Rabehi, a pr\u00e9sid\u00e9 une r\u00e9union du Conseil ex\u00e9cutif consacr\u00e9e au suivi de la situation des projets inscrits au programme de d\u00e9veloppement local, a indiqu\u00e9 mardi un communiqu\u00e9 des services de la wilaya. A l\u2019entame de la r\u00e9union, tenue lundi soir, un expos\u00e9 a \u00e9t\u00e9 [&hellip;]<\/p>\n","protected":false},"author":3,"featured_media":57467,"comment_status":"closed","ping_status":"open","sticky":false,"template":"","format":"standard","meta":{"footnotes":""},"categories":[36],"tags":[1170],"class_list":["post-57461","post","type-post","status-publish","format-standard","has-post-thumbnail","hentry","category-actualites","tag-mohamed-abdenour-rabehi"],"_links":{"self":[{"href":"https:\/\/alger16.dz\/index.php?rest_route=\/wp\/v2\/posts\/57461","targetHints":{"allow":["GET"]}}],"collection":[{"href":"https:\/\/alger16.dz\/index.php?rest_route=\/wp\/v2\/posts"}],"about":[{"href":"https:\/\/alger16.dz\/index.php?rest_route=\/wp\/v2\/types\/post"}],"author":[{"embeddable":true,"href":"https:\/\/alger16.dz\/index.php?rest_route=\/wp\/v2\/users\/3"}],"replies":[{"embeddable":true,"href":"https:\/\/alger16.dz\/index.php?rest_route=%2Fwp%2Fv2%2Fcomments&post=57461"}],"version-history":[{"count":1,"href":"https:\/\/alger16.dz\/index.php?rest_route=\/wp\/v2\/posts\/57461\/revisions"}],"predecessor-version":[{"id":57468,"href":"https:\/\/alger16.dz\/index.php?rest_route=\/wp\/v2\/posts\/57461\/revisions\/57468"}],"wp:featuredmedia":[{"embeddable":true,"href":"https:\/\/alger16.dz\/index.php?rest_route=\/wp\/v2\/media\/57467"}],"wp:attachment":[{"href":"https:\/\/alger16.dz\/index.php?rest_route=%2Fwp%2Fv2%2Fmedia&parent=57461"}],"wp:term":[{"taxonomy":"category","embeddable":true,"href":"https:\/\/alger16.dz\/index.php?rest_route=%2Fwp%2Fv2%2Fcategories&post=57461"},{"taxonomy":"post_tag","embeddable":true,"href":"https:\/\/alger16.dz\/index.php?rest_route=%2Fwp%2Fv2%2Ftags&post=57461"}],"curies":[{"name":"wp","href":"https:\/\/api.w.org\/{rel}","templated":true}]}}