{"id":57519,"date":"2026-03-18T10:53:00","date_gmt":"2026-03-18T10:53:00","guid":{"rendered":"https:\/\/alger16.dz\/?p=57519"},"modified":"2026-04-11T21:18:17","modified_gmt":"2026-04-11T21:18:17","slug":"scandaleux-la-caf-retire-le-titre-de-la-coupe-dafrique-des-nations-a-la-selection-senegalaise-et-lattribue-au-maroc","status":"publish","type":"post","link":"https:\/\/alger16.dz\/?p=57519","title":{"rendered":"Scandaleux&#8230; La CAF retire le titre de la Coupe d&rsquo;Afrique des nations \u00e0 la s\u00e9lection s\u00e9n\u00e9galaise et l&rsquo;attribue au Maroc"},"content":{"rendered":"\n<figure class=\"wp-block-image size-full\"><img loading=\"lazy\" decoding=\"async\" width=\"900\" height=\"675\" src=\"https:\/\/alger16.dz\/wp-content\/uploads\/2026\/03\/image-212.png\" alt=\"\" class=\"wp-image-57520\" srcset=\"https:\/\/alger16.dz\/wp-content\/uploads\/2026\/03\/image-212.png 900w, https:\/\/alger16.dz\/wp-content\/uploads\/2026\/03\/image-212-300x225.png 300w, https:\/\/alger16.dz\/wp-content\/uploads\/2026\/03\/image-212-768x576.png 768w\" sizes=\"auto, (max-width: 900px) 100vw, 900px\" \/><\/figure>\n\n\n\n<p><strong>Dans une d\u00e9cision surprenante, la Conf\u00e9d\u00e9ration africaine de football (CAF) a rendu, par l&rsquo;interm\u00e9diaire de sa commission d&rsquo;appel, une d\u00e9cision retirant la Coupe d&rsquo;Afrique des nations \u00e0 l&rsquo;\u00e9quipe du S\u00e9n\u00e9gal pour l&rsquo;attribuer au pays organisateur.<\/strong><\/p>\n\n\n\n<p>La d\u00e9cision, publi\u00e9e sur le site officiel de la CAF, stipule : \u00ab La Commission d&rsquo;appel de la Conf\u00e9d\u00e9ration africaine de football a d\u00e9cid\u00e9, conform\u00e9ment \u00e0 l&rsquo;article 84 du r\u00e8glement de la Coupe d&rsquo;Afrique des nations 2025, de consid\u00e9rer l&rsquo;\u00e9quipe nationale s\u00e9n\u00e9galaise comme ayant perdu par forfait lors de la finale, et de valider le r\u00e9sultat de 3-0 en faveur de la F\u00e9d\u00e9ration royale marocaine de football. \u00bb<\/p>\n","protected":false},"excerpt":{"rendered":"<p>Dans une d\u00e9cision surprenante, la Conf\u00e9d\u00e9ration africaine de football (CAF) a rendu, par l&rsquo;interm\u00e9diaire de sa commission d&rsquo;appel, une d\u00e9cision retirant la Coupe d&rsquo;Afrique des nations \u00e0 l&rsquo;\u00e9quipe du S\u00e9n\u00e9gal pour l&rsquo;attribuer au pays organisateur. La d\u00e9cision, publi\u00e9e sur le site officiel de la CAF, stipule : \u00ab La Commission [&hellip;]<\/p>\n","protected":false},"author":3,"featured_media":57520,"comment_status":"closed","ping_status":"open","sticky":false,"template":"","format":"standard","meta":{"footnotes":""},"categories":[61],"tags":[1544,279,4763],"class_list":["post-57519","post","type-post","status-publish","format-standard","has-post-thumbnail","hentry","category-sport","tag-caf","tag-maroc","tag-senegal"],"_links":{"self":[{"href":"https:\/\/alger16.dz\/index.php?rest_route=\/wp\/v2\/posts\/57519","targetHints":{"allow":["GET"]}}],"collection":[{"href":"https:\/\/alger16.dz\/index.php?rest_route=\/wp\/v2\/posts"}],"about":[{"href":"https:\/\/alger16.dz\/index.php?rest_route=\/wp\/v2\/types\/post"}],"author":[{"embeddable":true,"href":"https:\/\/alger16.dz\/index.php?rest_route=\/wp\/v2\/users\/3"}],"replies":[{"embeddable":true,"href":"https:\/\/alger16.dz\/index.php?rest_route=%2Fwp%2Fv2%2Fcomments&post=57519"}],"version-history":[{"count":1,"href":"https:\/\/alger16.dz\/index.php?rest_route=\/wp\/v2\/posts\/57519\/revisions"}],"predecessor-version":[{"id":57521,"href":"https:\/\/alger16.dz\/index.php?rest_route=\/wp\/v2\/posts\/57519\/revisions\/57521"}],"wp:featuredmedia":[{"embeddable":true,"href":"https:\/\/alger16.dz\/index.php?rest_route=\/wp\/v2\/media\/57520"}],"wp:attachment":[{"href":"https:\/\/alger16.dz\/index.php?rest_route=%2Fwp%2Fv2%2Fmedia&parent=57519"}],"wp:term":[{"taxonomy":"category","embeddable":true,"href":"https:\/\/alger16.dz\/index.php?rest_route=%2Fwp%2Fv2%2Fcategories&post=57519"},{"taxonomy":"post_tag","embeddable":true,"href":"https:\/\/alger16.dz\/index.php?rest_route=%2Fwp%2Fv2%2Ftags&post=57519"}],"curies":[{"name":"wp","href":"https:\/\/api.w.org\/{rel}","templated":true}]}}