{"id":57528,"date":"2026-03-18T15:57:20","date_gmt":"2026-03-18T15:57:20","guid":{"rendered":"https:\/\/alger16.dz\/?p=57528"},"modified":"2026-04-11T21:18:17","modified_gmt":"2026-04-11T21:18:17","slug":"president-de-la-republique-lalgerie-a-trace-sa-voie-dans-le-cadre-dun-projet-de-developpement-strategique-qui-se-materialise-sur-le-terrain","status":"publish","type":"post","link":"https:\/\/alger16.dz\/?p=57528","title":{"rendered":"Pr\u00e9sident de la R\u00e9publique : l&rsquo;Alg\u00e9rie a trac\u00e9 sa voie dans le cadre d&rsquo;un projet de d\u00e9veloppement strat\u00e9gique qui se mat\u00e9rialise sur le terrain"},"content":{"rendered":"\n<figure class=\"wp-block-image size-full\"><img loading=\"lazy\" decoding=\"async\" width=\"750\" height=\"500\" src=\"https:\/\/alger16.dz\/wp-content\/uploads\/2026\/03\/17738497042572111336132009752609.jpg\" alt=\"\" class=\"wp-image-57537\" srcset=\"https:\/\/alger16.dz\/wp-content\/uploads\/2026\/03\/17738497042572111336132009752609.jpg 750w, https:\/\/alger16.dz\/wp-content\/uploads\/2026\/03\/17738497042572111336132009752609-300x200.jpg 300w\" sizes=\"auto, (max-width: 750px) 100vw, 750px\" \/><\/figure>\n\n\n\n<p><strong>Le pr\u00e9sident de la R\u00e9publique, M. Abdelmadjid Tebboune, a affirm\u00e9, mercredi, que l&rsquo;Alg\u00e9rie a trac\u00e9 sa voie en pla\u00e7ant au sommet de ses priorit\u00e9s la consolidation des capacit\u00e9s de l&rsquo;\u00e9conomie nationale, \u00e0 travers de grandes r\u00e9alisations dans le cadre d&rsquo;un projet de d\u00e9veloppement strat\u00e9gique qui se mat\u00e9rialise sur le terrain gr\u00e2ce aux volont\u00e9s nationales sinc\u00e8res.<\/strong><\/p>\n\n\n\n<p>\u00ab\u00a0Notre ch\u00e8re Alg\u00e9rie rel\u00e8ve aujourd&rsquo;hui le d\u00e9fi en renfor\u00e7ant son immunit\u00e9 \u00e9conomique et en confortant les remparts de sa souverainet\u00e9 dans une conjoncture r\u00e9gionale et internationale erratique. Le pays a trac\u00e9 sa voie en pla\u00e7ant au sommet de ses priorit\u00e9s la consolidation des capacit\u00e9s de l&rsquo;\u00e9conomie nationale, \u00e0 travers de grandes r\u00e9alisations structurantes et int\u00e9gr\u00e9es, dans le cadre d&rsquo;un projet de d\u00e9veloppement strat\u00e9gique multidimensionnel aux grandes ambitions\u00a0\u00bb, a indiqu\u00e9 le pr\u00e9sident de la R\u00e9publique dans son message \u00e0 l&rsquo;occasion de la c\u00e9l\u00e9bration du 64e anniversaire de la F\u00eate de la Victoire (19 mars 1962).<\/p>\n\n\n\n<p>\u00ab\u00a0Ce projet se mat\u00e9rialise sur le terrain gr\u00e2ce aux volont\u00e9s nationales sinc\u00e8res qui, joignant leurs efforts, veillent sur les int\u00e9r\u00eats de l&rsquo;Etat, tout en \u00e9tant au service du peuple, partant de leur foi en une Alg\u00e9rie victorieuse par la participation de tous, o\u00f9 se r\u00e9alisent les aspirations des Alg\u00e9riennes et des Alg\u00e9riens\u00a0\u00bb, a poursuivi le pr\u00e9sident de la<\/p>\n\n\n\n<p>R\u00e9publique.<\/p>\n\n\n\n<p>Il a rappel\u00e9, dans ce contexte, que le 19 mars 1962 est \u00ab\u00a0le jour o\u00f9 fut proclam\u00e9e la fin d&rsquo;une domination coloniale de plus de cent trente ans qui a r\u00e9v\u00e9l\u00e9 le visage hideux du colonialisme de peuplement inique, d\u00e9nu\u00e9 de toute valeur humaine, emp\u00eatr\u00e9 dans les massacres, la destruction et le pillage, se livrant aux pires formes d&rsquo;exactions et de barbarie, mais tremblant et vacillant devant la force du droit et les lois de l&rsquo;univers qui, \u00e0 travers l&rsquo;histoire, ont toujours triomph\u00e9 en faveur des peuples en qu\u00eate de libert\u00e9, cette vertu qu&rsquo;Allah a voulue inh\u00e9rente \u00e0 l&rsquo;humanit\u00e9\u00a0\u00bb.<\/p>\n\n\n\n<p>\u00ab\u00a0Allah Tout-Puissant a accord\u00e9 la victoire au peuple alg\u00e9rien gr\u00e2ce \u00e0 une R\u00e9volution glorieuse dont la flamme ne s&rsquo;\u00e9teint point. Une R\u00e9volution grandiose, b\u00e9nie et m\u00e9morable\u00a0\u00bb, a soulign\u00e9 le pr\u00e9sident de la R\u00e9publique, soutenant qu&rsquo;un peuple ayant endur\u00e9 des trag\u00e9dies, des destruction massives, la politique de la terre br\u00fbl\u00e9e et le pillage syst\u00e9matique, est \u00ab\u00a0un peuple d\u00e9positaire du legs sacr\u00e9 qui poursuit la marche, guid\u00e9 par le message des martyrs\u00a0\u00bb.<\/p>\n","protected":false},"excerpt":{"rendered":"<p>Le pr\u00e9sident de la R\u00e9publique, M. Abdelmadjid Tebboune, a affirm\u00e9, mercredi, que l&rsquo;Alg\u00e9rie a trac\u00e9 sa voie en pla\u00e7ant au sommet de ses priorit\u00e9s la consolidation des capacit\u00e9s de l&rsquo;\u00e9conomie nationale, \u00e0 travers de grandes r\u00e9alisations dans le cadre d&rsquo;un projet de d\u00e9veloppement strat\u00e9gique qui se mat\u00e9rialise sur le terrain [&hellip;]<\/p>\n","protected":false},"author":3,"featured_media":57537,"comment_status":"closed","ping_status":"open","sticky":false,"template":"","format":"standard","meta":{"footnotes":""},"categories":[36],"tags":[228],"class_list":["post-57528","post","type-post","status-publish","format-standard","has-post-thumbnail","hentry","category-actualites","tag-abdelmadjid-tebboune"],"_links":{"self":[{"href":"https:\/\/alger16.dz\/index.php?rest_route=\/wp\/v2\/posts\/57528","targetHints":{"allow":["GET"]}}],"collection":[{"href":"https:\/\/alger16.dz\/index.php?rest_route=\/wp\/v2\/posts"}],"about":[{"href":"https:\/\/alger16.dz\/index.php?rest_route=\/wp\/v2\/types\/post"}],"author":[{"embeddable":true,"href":"https:\/\/alger16.dz\/index.php?rest_route=\/wp\/v2\/users\/3"}],"replies":[{"embeddable":true,"href":"https:\/\/alger16.dz\/index.php?rest_route=%2Fwp%2Fv2%2Fcomments&post=57528"}],"version-history":[{"count":2,"href":"https:\/\/alger16.dz\/index.php?rest_route=\/wp\/v2\/posts\/57528\/revisions"}],"predecessor-version":[{"id":57538,"href":"https:\/\/alger16.dz\/index.php?rest_route=\/wp\/v2\/posts\/57528\/revisions\/57538"}],"wp:featuredmedia":[{"embeddable":true,"href":"https:\/\/alger16.dz\/index.php?rest_route=\/wp\/v2\/media\/57537"}],"wp:attachment":[{"href":"https:\/\/alger16.dz\/index.php?rest_route=%2Fwp%2Fv2%2Fmedia&parent=57528"}],"wp:term":[{"taxonomy":"category","embeddable":true,"href":"https:\/\/alger16.dz\/index.php?rest_route=%2Fwp%2Fv2%2Fcategories&post=57528"},{"taxonomy":"post_tag","embeddable":true,"href":"https:\/\/alger16.dz\/index.php?rest_route=%2Fwp%2Fv2%2Ftags&post=57528"}],"curies":[{"name":"wp","href":"https:\/\/api.w.org\/{rel}","templated":true}]}}