{"id":57531,"date":"2026-03-18T15:59:35","date_gmt":"2026-03-18T15:59:35","guid":{"rendered":"https:\/\/alger16.dz\/?p=57531"},"modified":"2026-04-11T21:18:17","modified_gmt":"2026-04-11T21:18:17","slug":"le-president-de-la-republique-recoit-les-voeux-de-sa-majeste-le-sultan-doman-a-loccasion-de-lavenement-de-laid-el-fitr","status":"publish","type":"post","link":"https:\/\/alger16.dz\/?p=57531","title":{"rendered":"Le pr\u00e9sident de la R\u00e9publique re\u00e7oit les v\u0153ux de sa Majest\u00e9 le Sultan d&rsquo;Oman \u00e0 l&rsquo;occasion de l&rsquo;av\u00e8nement de l&rsquo;A\u00efd El-Fitr"},"content":{"rendered":"\n<figure class=\"wp-block-image size-full\"><img loading=\"lazy\" decoding=\"async\" width=\"800\" height=\"600\" src=\"https:\/\/alger16.dz\/wp-content\/uploads\/2026\/03\/17738494897421341882610355529894.jpg\" alt=\"\" class=\"wp-image-57532\" srcset=\"https:\/\/alger16.dz\/wp-content\/uploads\/2026\/03\/17738494897421341882610355529894.jpg 800w, https:\/\/alger16.dz\/wp-content\/uploads\/2026\/03\/17738494897421341882610355529894-300x225.jpg 300w, https:\/\/alger16.dz\/wp-content\/uploads\/2026\/03\/17738494897421341882610355529894-768x576.jpg 768w\" sizes=\"auto, (max-width: 800px) 100vw, 800px\" \/><\/figure>\n\n\n\n<p><strong>Le pr\u00e9sident de la R\u00e9publique, M. Abdelmadjid Tebboune, a re\u00e7u, mercredi, un appel t\u00e9l\u00e9phonique de son fr\u00e8re, sa Majest\u00e9 Haitham ben Tariq, Sultan d&rsquo;Oman, pays fr\u00e8re, qui lui a adress\u00e9 ses v\u0153ux \u00e0 l&rsquo;occasion de l&rsquo;av\u00e8nement de l&rsquo;A\u00efd El-Fitr, indique un communiqu\u00e9 de la Pr\u00e9sidence de la R\u00e9publique.<\/strong><\/p>\n\n\n\n<p>\u00ab\u00a0Le pr\u00e9sident de la R\u00e9publique, M. Abdelmadjid Tebboune, a re\u00e7u, ce jour, un appel t\u00e9l\u00e9phonique de son fr\u00e8re, sa Majest\u00e9 Haitham ben Tariq, Sultan d&rsquo;Oman, pays fr\u00e8re, qui lui a adress\u00e9 ses v\u0153ux \u00e0 l&rsquo;occasion de l&rsquo;av\u00e8nement de l&rsquo;A\u00efd El-Fitr, souhaitant au peuple alg\u00e9rien davantage de bien-\u00eatre et de stabilit\u00e9\u00a0\u00bb, lit-on dans le communiqu\u00e9.<\/p>\n\n\n\n<p>A son tour, \u00ab\u00a0le pr\u00e9sident de la R\u00e9publique a remerci\u00e9 son fr\u00e8re, le Sultan d&rsquo;Oman, et lui a adress\u00e9 ses v\u0153ux \u00e0 l&rsquo;occasion de l&rsquo;av\u00e8nement de l&rsquo;A\u00efd, priant Dieu Tout-Puissant de permettre au Sultanat et au peuple omanais fr\u00e8re de jouir de paix et de s\u00e9curit\u00e9\u00a0\u00bb.<\/p>\n","protected":false},"excerpt":{"rendered":"<p>Le pr\u00e9sident de la R\u00e9publique, M. Abdelmadjid Tebboune, a re\u00e7u, mercredi, un appel t\u00e9l\u00e9phonique de son fr\u00e8re, sa Majest\u00e9 Haitham ben Tariq, Sultan d&rsquo;Oman, pays fr\u00e8re, qui lui a adress\u00e9 ses v\u0153ux \u00e0 l&rsquo;occasion de l&rsquo;av\u00e8nement de l&rsquo;A\u00efd El-Fitr, indique un communiqu\u00e9 de la Pr\u00e9sidence de la R\u00e9publique. \u00ab\u00a0Le pr\u00e9sident [&hellip;]<\/p>\n","protected":false},"author":3,"featured_media":57532,"comment_status":"closed","ping_status":"open","sticky":false,"template":"","format":"standard","meta":{"footnotes":""},"categories":[36],"tags":[228,1930,1074],"class_list":["post-57531","post","type-post","status-publish","format-standard","has-post-thumbnail","hentry","category-actualites","tag-abdelmadjid-tebboune","tag-aid-el-fitr","tag-algerie-oman"],"_links":{"self":[{"href":"https:\/\/alger16.dz\/index.php?rest_route=\/wp\/v2\/posts\/57531","targetHints":{"allow":["GET"]}}],"collection":[{"href":"https:\/\/alger16.dz\/index.php?rest_route=\/wp\/v2\/posts"}],"about":[{"href":"https:\/\/alger16.dz\/index.php?rest_route=\/wp\/v2\/types\/post"}],"author":[{"embeddable":true,"href":"https:\/\/alger16.dz\/index.php?rest_route=\/wp\/v2\/users\/3"}],"replies":[{"embeddable":true,"href":"https:\/\/alger16.dz\/index.php?rest_route=%2Fwp%2Fv2%2Fcomments&post=57531"}],"version-history":[{"count":1,"href":"https:\/\/alger16.dz\/index.php?rest_route=\/wp\/v2\/posts\/57531\/revisions"}],"predecessor-version":[{"id":57533,"href":"https:\/\/alger16.dz\/index.php?rest_route=\/wp\/v2\/posts\/57531\/revisions\/57533"}],"wp:featuredmedia":[{"embeddable":true,"href":"https:\/\/alger16.dz\/index.php?rest_route=\/wp\/v2\/media\/57532"}],"wp:attachment":[{"href":"https:\/\/alger16.dz\/index.php?rest_route=%2Fwp%2Fv2%2Fmedia&parent=57531"}],"wp:term":[{"taxonomy":"category","embeddable":true,"href":"https:\/\/alger16.dz\/index.php?rest_route=%2Fwp%2Fv2%2Fcategories&post=57531"},{"taxonomy":"post_tag","embeddable":true,"href":"https:\/\/alger16.dz\/index.php?rest_route=%2Fwp%2Fv2%2Ftags&post=57531"}],"curies":[{"name":"wp","href":"https:\/\/api.w.org\/{rel}","templated":true}]}}