{"id":57534,"date":"2026-03-18T15:35:00","date_gmt":"2026-03-18T15:35:00","guid":{"rendered":"https:\/\/alger16.dz\/?p=57534"},"modified":"2026-03-18T16:01:03","modified_gmt":"2026-03-18T16:01:03","slug":"reunion-du-gouvernement-examen-dun-projet-de-decret-executif-sur-les-marches-publics-et-de-feuilles-de-routes-sectorielles","status":"publish","type":"post","link":"https:\/\/alger16.dz\/?p=57534","title":{"rendered":"R\u00e9union du gouvernement : examen d\u2019un projet de d\u00e9cret ex\u00e9cutif sur les march\u00e9s publics et de feuilles de routes sectorielles"},"content":{"rendered":"\n<figure class=\"wp-block-image size-full\"><img loading=\"lazy\" decoding=\"async\" width=\"800\" height=\"600\" src=\"https:\/\/alger16.dz\/wp-content\/uploads\/2026\/03\/17738495994645108969503596972214.jpg\" alt=\"\" class=\"wp-image-57535\" srcset=\"https:\/\/alger16.dz\/wp-content\/uploads\/2026\/03\/17738495994645108969503596972214.jpg 800w, https:\/\/alger16.dz\/wp-content\/uploads\/2026\/03\/17738495994645108969503596972214-300x225.jpg 300w, https:\/\/alger16.dz\/wp-content\/uploads\/2026\/03\/17738495994645108969503596972214-768x576.jpg 768w\" sizes=\"auto, (max-width: 800px) 100vw, 800px\" \/><\/figure>\n\n\n\n<p><strong>Le Premier ministre M. Sifi Ghrieb a pr\u00e9sid\u00e9, mercredi, une r\u00e9union du gouvernement consacr\u00e9e \u00e0 l\u2019examen d\u2019un projet de d\u00e9cret ex\u00e9cutif fixant les modalit\u00e9s d\u2019application des r\u00e8gles g\u00e9n\u00e9rales relatives aux march\u00e9s publics, ainsi qu&rsquo;aux projets de feuilles de route de plusieurs secteurs pour la p\u00e9riode 2026-2028, indique un communiqu\u00e9 des Services du Premier ministre, dont voici le texte int\u00e9gral:<\/strong><\/p>\n\n\n\n<p>\u00ab\u00a0Le Premier ministre, Monsieur Sifi Ghrieb, a pr\u00e9sid\u00e9, ce mercredi 18 mars 2026, une r\u00e9union du Gouvernement consacr\u00e9e aux points ci-apr\u00e8s :<\/p>\n\n\n\n<p>Le Gouvernement a entam\u00e9 l\u2019examen d\u2019un projet de d\u00e9cret ex\u00e9cutif fixant les modalit\u00e9s d\u2019application des r\u00e8gles g\u00e9n\u00e9rales relatives aux march\u00e9s publics.<\/p>\n\n\n\n<p>Ce projet de texte a pour objet de pr\u00e9ciser le cadre r\u00e9glementaire destin\u00e9 \u00e0 assurer l\u2019application effective de la l\u00e9gislation en vigueur. A cet effet, il permet de mieux codifier les proc\u00e9dures pratiques et de compl\u00e9ter les m\u00e9canismes op\u00e9rationnels pr\u00e9sidant \u00e0 la pr\u00e9paration et \u00e0 l\u2019ex\u00e9cution de la commande publique en assurant l\u2019\u00e9quilibre des relations contractuelles.<\/p>\n\n\n\n<p>Il vise, par ailleurs, \u00e0 am\u00e9liorer l\u2019utilisation des fonds publics tout en consolidant un environnement concurrentiel \u00e9quitable, favorisant les principes de transparence et d\u2019\u00e9thique. Ce texte entend \u00e9galement encourager la valorisation et la promotion de la production nationale et veiller au respect des r\u00e8gles de bonne gouvernance dans la gestion et l\u2019ex\u00e9cution de la commande publique.<\/p>\n\n\n\n<p>Par ailleurs, et dans le cadre de l\u2019\u00e9laboration des feuilles de route sectorielles 2026-2028, le Gouvernement a examin\u00e9 les projets de feuilles de route des secteurs des transports, de la justice, de l\u2019enseignement sup\u00e9rieur et de la recherche scientifique, de l\u2019\u00e9ducation nationale, du commerce int\u00e9rieur et de la r\u00e9gulation du march\u00e9 national, de la jeunesse, des travaux publics et des infrastructures de base, de l\u2019hydraulique et des sports\u00a0\u00bb.<\/p>\n","protected":false},"excerpt":{"rendered":"<p>Le Premier ministre M. Sifi Ghrieb a pr\u00e9sid\u00e9, mercredi, une r\u00e9union du gouvernement consacr\u00e9e \u00e0 l\u2019examen d\u2019un projet de d\u00e9cret ex\u00e9cutif fixant les modalit\u00e9s d\u2019application des r\u00e8gles g\u00e9n\u00e9rales relatives aux march\u00e9s publics, ainsi qu&rsquo;aux projets de feuilles de route de plusieurs secteurs pour la p\u00e9riode 2026-2028, indique un communiqu\u00e9 des [&hellip;]<\/p>\n","protected":false},"author":3,"featured_media":57535,"comment_status":"closed","ping_status":"open","sticky":false,"template":"","format":"standard","meta":{"footnotes":""},"categories":[36],"tags":[513],"class_list":["post-57534","post","type-post","status-publish","format-standard","has-post-thumbnail","hentry","category-actualites","tag-reunion-du-gouvernement"],"_links":{"self":[{"href":"https:\/\/alger16.dz\/index.php?rest_route=\/wp\/v2\/posts\/57534","targetHints":{"allow":["GET"]}}],"collection":[{"href":"https:\/\/alger16.dz\/index.php?rest_route=\/wp\/v2\/posts"}],"about":[{"href":"https:\/\/alger16.dz\/index.php?rest_route=\/wp\/v2\/types\/post"}],"author":[{"embeddable":true,"href":"https:\/\/alger16.dz\/index.php?rest_route=\/wp\/v2\/users\/3"}],"replies":[{"embeddable":true,"href":"https:\/\/alger16.dz\/index.php?rest_route=%2Fwp%2Fv2%2Fcomments&post=57534"}],"version-history":[{"count":1,"href":"https:\/\/alger16.dz\/index.php?rest_route=\/wp\/v2\/posts\/57534\/revisions"}],"predecessor-version":[{"id":57536,"href":"https:\/\/alger16.dz\/index.php?rest_route=\/wp\/v2\/posts\/57534\/revisions\/57536"}],"wp:featuredmedia":[{"embeddable":true,"href":"https:\/\/alger16.dz\/index.php?rest_route=\/wp\/v2\/media\/57535"}],"wp:attachment":[{"href":"https:\/\/alger16.dz\/index.php?rest_route=%2Fwp%2Fv2%2Fmedia&parent=57534"}],"wp:term":[{"taxonomy":"category","embeddable":true,"href":"https:\/\/alger16.dz\/index.php?rest_route=%2Fwp%2Fv2%2Fcategories&post=57534"},{"taxonomy":"post_tag","embeddable":true,"href":"https:\/\/alger16.dz\/index.php?rest_route=%2Fwp%2Fv2%2Ftags&post=57534"}],"curies":[{"name":"wp","href":"https:\/\/api.w.org\/{rel}","templated":true}]}}