{"id":57552,"date":"2026-03-18T16:56:00","date_gmt":"2026-03-18T16:56:00","guid":{"rendered":"https:\/\/alger16.dz\/?p=57552"},"modified":"2026-03-18T20:05:38","modified_gmt":"2026-03-18T20:05:38","slug":"can-2025-le-gouvernement-senegalais-reclame-une-enquete-internationale-pour-soupcons-de-corruption","status":"publish","type":"post","link":"https:\/\/alger16.dz\/?p=57552","title":{"rendered":"CAN-2025: le gouvernement s\u00e9n\u00e9galais r\u00e9clame une enqu\u00eate internationale pour \u00ab\u00a0soup\u00e7ons de corruption\u00a0\u00bb"},"content":{"rendered":"\n<figure class=\"wp-block-image size-large\"><img loading=\"lazy\" decoding=\"async\" width=\"1024\" height=\"576\" src=\"https:\/\/alger16.dz\/wp-content\/uploads\/2026\/03\/image-214-1024x576.png\" alt=\"\" class=\"wp-image-57553\" srcset=\"https:\/\/alger16.dz\/wp-content\/uploads\/2026\/03\/image-214-1024x576.png 1024w, https:\/\/alger16.dz\/wp-content\/uploads\/2026\/03\/image-214-300x169.png 300w, https:\/\/alger16.dz\/wp-content\/uploads\/2026\/03\/image-214-768x432.png 768w, https:\/\/alger16.dz\/wp-content\/uploads\/2026\/03\/image-214.png 1280w\" sizes=\"auto, (max-width: 1024px) 100vw, 1024px\" \/><\/figure>\n\n\n\n<p><strong>Le gouvernement s\u00e9n\u00e9galais a exprim\u00e9, dans un communiqu\u00e9 publi\u00e9 mercredi, sa \u00ab\u00a0vive consternation\u00a0\u00bb sur la d\u00e9cision du jury d\u2019appel de la Conf\u00e9d\u00e9ration africaine de football (CAF), de d\u00e9choir l&rsquo;\u00e9quipe nationale du S\u00e9n\u00e9gal de son titre africain (CAN-2025), tout en r\u00e9clamant \u00ab\u00a0l\u2019ouverture d\u2019une enqu\u00eate internationale ind\u00e9pendante pour soup\u00e7ons de corruption au sein de ces instances dirigeantes\u00a0\u00bb.<\/strong><\/p>\n\n\n\n<p>Pour le gouvernement s\u00e9n\u00e9galais, cette d\u00e9cision prise par le jury d\u2019appel, mardi, en s&rsquo;appuyant sur les articles 82 et 84 du r\u00e8glement de la CAN pour d\u00e9clarer le S\u00e9n\u00e9gal forfait et homologuer la finale sur le score de 3-0, constitue \u00ab\u00a0une gravit\u00e9 exceptionnelle\u00a0\u00bb qui \u00ab\u00a0heurte de front les principes cardinaux de l\u2019\u00e9thique sportive, au premier rang desquels figurent l\u2019\u00e9quit\u00e9, la loyaut\u00e9 et le respect de la v\u00e9rit\u00e9 du terrain\u00a0\u00bb.<\/p>\n\n\n\n<p>Le communiqu\u00e9 souligne que le jury disciplinaire initial de la CAF avait confirm\u00e9 la victoire s\u00e9n\u00e9galaise, tout en infligeant des sanctions aux deux \u00e9quipes pour les incidents survenus lors de la finale du 18 janvier. Cette premi\u00e8re d\u00e9cision avait \u00e9t\u00e9 respect\u00e9e par les joueurs s\u00e9n\u00e9galais qui avaient momentan\u00e9ment quitt\u00e9 le terrain pour protester contre un penalty controvers\u00e9 avant de revenir et de remporter la rencontre en prolongation.<\/p>\n\n\n\n<p>Ainsi, le gouvernement s\u00e9n\u00e9galais estime que le verdict du jury d\u2019appel \u00ab\u00a0porte une atteinte s\u00e9rieuse \u00e0 la cr\u00e9dibilit\u00e9 de la CAF ainsi qu\u2019\u00e0 la confiance l\u00e9gitime que les peuples africains placent dans les institutions sportives continentales\u00a0\u00bb. Il condamne ce qu\u2019il qualifie de \u00ab\u00a0tentative de d\u00e9possession injustifi\u00e9e\u00a0\u00bb et refuse que \u00ab\u00a0l\u2019engagement, le m\u00e9rite et l\u2019excellence sportive\u00a0\u00bb de ses joueurs soient effac\u00e9s par une d\u00e9cision administrative.<\/p>\n\n\n\n<p>Le S\u00e9n\u00e9gal, ajoute le communiqu\u00e9, demande l\u2019ouverture d\u2019une enqu\u00eate internationale ind\u00e9pendante sur les \u00ab\u00a0soup\u00e7ons de corruption\u00a0\u00bb au sein de la CAF.<\/p>\n\n\n\n<p>Le pays annonce \u00e9galement son intention d'\u00a0\u00bbuser de toutes les voies de recours appropri\u00e9es, y compris devant les instances juridictionnelles internationales comp\u00e9tentes, afin que justice soit rendue et que la primaut\u00e9 du r\u00e9sultat sportif soit r\u00e9tablie\u00a0\u00bb.<\/p>\n","protected":false},"excerpt":{"rendered":"<p>Le gouvernement s\u00e9n\u00e9galais a exprim\u00e9, dans un communiqu\u00e9 publi\u00e9 mercredi, sa \u00ab\u00a0vive consternation\u00a0\u00bb sur la d\u00e9cision du jury d\u2019appel de la Conf\u00e9d\u00e9ration africaine de football (CAF), de d\u00e9choir l&rsquo;\u00e9quipe nationale du S\u00e9n\u00e9gal de son titre africain (CAN-2025), tout en r\u00e9clamant \u00ab\u00a0l\u2019ouverture d\u2019une enqu\u00eate internationale ind\u00e9pendante pour soup\u00e7ons de corruption au [&hellip;]<\/p>\n","protected":false},"author":3,"featured_media":57553,"comment_status":"open","ping_status":"open","sticky":false,"template":"","format":"standard","meta":{"footnotes":""},"categories":[61],"tags":[4099,379,279,4763],"class_list":["post-57552","post","type-post","status-publish","format-standard","has-post-thumbnail","hentry","category-sport","tag-can","tag-football","tag-maroc","tag-senegal"],"_links":{"self":[{"href":"https:\/\/alger16.dz\/index.php?rest_route=\/wp\/v2\/posts\/57552","targetHints":{"allow":["GET"]}}],"collection":[{"href":"https:\/\/alger16.dz\/index.php?rest_route=\/wp\/v2\/posts"}],"about":[{"href":"https:\/\/alger16.dz\/index.php?rest_route=\/wp\/v2\/types\/post"}],"author":[{"embeddable":true,"href":"https:\/\/alger16.dz\/index.php?rest_route=\/wp\/v2\/users\/3"}],"replies":[{"embeddable":true,"href":"https:\/\/alger16.dz\/index.php?rest_route=%2Fwp%2Fv2%2Fcomments&post=57552"}],"version-history":[{"count":1,"href":"https:\/\/alger16.dz\/index.php?rest_route=\/wp\/v2\/posts\/57552\/revisions"}],"predecessor-version":[{"id":57554,"href":"https:\/\/alger16.dz\/index.php?rest_route=\/wp\/v2\/posts\/57552\/revisions\/57554"}],"wp:featuredmedia":[{"embeddable":true,"href":"https:\/\/alger16.dz\/index.php?rest_route=\/wp\/v2\/media\/57553"}],"wp:attachment":[{"href":"https:\/\/alger16.dz\/index.php?rest_route=%2Fwp%2Fv2%2Fmedia&parent=57552"}],"wp:term":[{"taxonomy":"category","embeddable":true,"href":"https:\/\/alger16.dz\/index.php?rest_route=%2Fwp%2Fv2%2Fcategories&post=57552"},{"taxonomy":"post_tag","embeddable":true,"href":"https:\/\/alger16.dz\/index.php?rest_route=%2Fwp%2Fv2%2Ftags&post=57552"}],"curies":[{"name":"wp","href":"https:\/\/api.w.org\/{rel}","templated":true}]}}