{"id":57563,"date":"2026-03-18T21:43:00","date_gmt":"2026-03-18T21:43:00","guid":{"rendered":"https:\/\/alger16.dz\/?p=57563"},"modified":"2026-03-19T05:45:58","modified_gmt":"2026-03-19T05:45:58","slug":"lalgerie-condamne-avec-la-plus-grande-fermete-lagression-sioniste-contre-le-liban","status":"publish","type":"post","link":"https:\/\/alger16.dz\/?p=57563","title":{"rendered":"L\u2019Alg\u00e9rie condamne avec la plus grande fermet\u00e9 l\u2019agression sioniste contre le Liban"},"content":{"rendered":"\n<figure class=\"wp-block-image size-full\"><img loading=\"lazy\" decoding=\"async\" width=\"745\" height=\"470\" src=\"https:\/\/alger16.dz\/wp-content\/uploads\/2026\/03\/image-216.png\" alt=\"\" class=\"wp-image-57564\" srcset=\"https:\/\/alger16.dz\/wp-content\/uploads\/2026\/03\/image-216.png 745w, https:\/\/alger16.dz\/wp-content\/uploads\/2026\/03\/image-216-300x189.png 300w\" sizes=\"auto, (max-width: 745px) 100vw, 745px\" \/><\/figure>\n\n\n\n<p>L&rsquo;Alg\u00e9rie a condamn\u00e9, mercredi, avec la plus grande fermet\u00e9 l&rsquo;agression sioniste contre le Liban, ayant entrain\u00e9 de lourdes pertes humaines et des d\u00e9g\u00e2ts mat\u00e9riels inconcevables, indique un communiqu\u00e9 du minist\u00e8re des Affaires \u00e9trang\u00e8res.<\/p>\n\n\n\n<p>\u00ab\u00a0L&rsquo;agression isra\u00e9lienne contre le Liban conna\u00eet une escalade continue, entra\u00eenant de lourdes pertes humaines et des d\u00e9g\u00e2ts mat\u00e9riels inconcevables\u00a0\u00bb, lit-on dans le communiqu\u00e9.<\/p>\n\n\n\n<p>\u00ab\u00a0L&rsquo;Alg\u00e9rie condamne avec la plus grande fermet\u00e9 ces attaques inacceptables et exprime sa pleine solidarit\u00e9 avec le Liban, dirigeants et peuple\u00a0\u00bb, tout en \u00ab\u00a0r\u00e9affirmant son attachement constant \u00e0 la souverainet\u00e9 du Liban, \u00e0 son unit\u00e9 et \u00e0 son int\u00e9grit\u00e9 territoriale\u00a0\u00bb, ajoute la m\u00eame source.<\/p>\n\n\n\n<p>\u00ab\u00a0Face \u00e0 cette situation tragique, le pr\u00e9sident de la R\u00e9publique, M. Abdelmadjid Tebboune, demeure en contact permanent avec son homologue libanais, M. Joseph Aoun. Il a \u00e9galement instruit le ministre d&rsquo;Etat, ministre des Affaires \u00e9trang\u00e8res, de la Communaut\u00e9 nationale \u00e0 l&rsquo;\u00e9tranger et des Affaires africaines, M. Ahmed Attaf, de maintenir une coordination \u00e9troite avec son homologue libanais, M. Youssef Rajji\u00a0\u00bb, conclut le communiqu\u00e9<\/p>\n","protected":false},"excerpt":{"rendered":"<p>L&rsquo;Alg\u00e9rie a condamn\u00e9, mercredi, avec la plus grande fermet\u00e9 l&rsquo;agression sioniste contre le Liban, ayant entrain\u00e9 de lourdes pertes humaines et des d\u00e9g\u00e2ts mat\u00e9riels inconcevables, indique un communiqu\u00e9 du minist\u00e8re des Affaires \u00e9trang\u00e8res. \u00ab\u00a0L&rsquo;agression isra\u00e9lienne contre le Liban conna\u00eet une escalade continue, entra\u00eenant de lourdes pertes humaines et des d\u00e9g\u00e2ts [&hellip;]<\/p>\n","protected":false},"author":3,"featured_media":57564,"comment_status":"closed","ping_status":"open","sticky":false,"template":"","format":"standard","meta":{"footnotes":""},"categories":[65],"tags":[],"class_list":["post-57563","post","type-post","status-publish","format-standard","has-post-thumbnail","hentry","category-monde"],"_links":{"self":[{"href":"https:\/\/alger16.dz\/index.php?rest_route=\/wp\/v2\/posts\/57563","targetHints":{"allow":["GET"]}}],"collection":[{"href":"https:\/\/alger16.dz\/index.php?rest_route=\/wp\/v2\/posts"}],"about":[{"href":"https:\/\/alger16.dz\/index.php?rest_route=\/wp\/v2\/types\/post"}],"author":[{"embeddable":true,"href":"https:\/\/alger16.dz\/index.php?rest_route=\/wp\/v2\/users\/3"}],"replies":[{"embeddable":true,"href":"https:\/\/alger16.dz\/index.php?rest_route=%2Fwp%2Fv2%2Fcomments&post=57563"}],"version-history":[{"count":1,"href":"https:\/\/alger16.dz\/index.php?rest_route=\/wp\/v2\/posts\/57563\/revisions"}],"predecessor-version":[{"id":57565,"href":"https:\/\/alger16.dz\/index.php?rest_route=\/wp\/v2\/posts\/57563\/revisions\/57565"}],"wp:featuredmedia":[{"embeddable":true,"href":"https:\/\/alger16.dz\/index.php?rest_route=\/wp\/v2\/media\/57564"}],"wp:attachment":[{"href":"https:\/\/alger16.dz\/index.php?rest_route=%2Fwp%2Fv2%2Fmedia&parent=57563"}],"wp:term":[{"taxonomy":"category","embeddable":true,"href":"https:\/\/alger16.dz\/index.php?rest_route=%2Fwp%2Fv2%2Fcategories&post=57563"},{"taxonomy":"post_tag","embeddable":true,"href":"https:\/\/alger16.dz\/index.php?rest_route=%2Fwp%2Fv2%2Ftags&post=57563"}],"curies":[{"name":"wp","href":"https:\/\/api.w.org\/{rel}","templated":true}]}}