{"id":5967,"date":"2023-12-04T13:20:19","date_gmt":"2023-12-04T13:20:19","guid":{"rendered":"https:\/\/alger16.dz\/?p=5967"},"modified":"2023-12-04T13:20:21","modified_gmt":"2023-12-04T13:20:21","slug":"journee-internationale-des-personnes-handicapees-diverses-activites-a-louest-du-pays","status":"publish","type":"post","link":"https:\/\/alger16.dz\/?p=5967","title":{"rendered":"Journ\u00e9e internationale des personnes handicap\u00e9es: diverses activit\u00e9s \u00e0 l\u2019Ouest du pays"},"content":{"rendered":"\n<p><strong>Diverses activit\u00e9s ont \u00e9t\u00e9 organis\u00e9es, dimanche \u00e0 l\u2019Ouest du pays, \u00e0 l\u2019occasion de la c\u00e9l\u00e9bration de la Journ\u00e9e internationale des personnes aux besoins sp\u00e9cifiques, dont la distribution d\u2019\u00e9quipements et l\u2019exposition de travaux de cette couche de la soci\u00e9t\u00e9.<\/strong><\/p>\n\n\n\n<figure class=\"wp-block-image size-full is-resized\"><img loading=\"lazy\" decoding=\"async\" width=\"580\" height=\"350\" src=\"https:\/\/alger16.dz\/wp-content\/uploads\/2023\/12\/ac97f85936f78694aaaec83341dd312d_M.jpg\" alt=\"\" class=\"wp-image-5968\" style=\"width:840px;height:auto\" srcset=\"https:\/\/alger16.dz\/wp-content\/uploads\/2023\/12\/ac97f85936f78694aaaec83341dd312d_M.jpg 580w, https:\/\/alger16.dz\/wp-content\/uploads\/2023\/12\/ac97f85936f78694aaaec83341dd312d_M-300x181.jpg 300w\" sizes=\"auto, (max-width: 580px) 100vw, 580px\" \/><\/figure>\n\n\n\n<p>A Oran, l\u2019\u00e9cole des enfants malentendants a abrit\u00e9 les c\u00e9r\u00e9monies de c\u00e9l\u00e9bration de cette journ\u00e9e internationale, sous la supervision du wali d\u2019Oran Sa\u00efd Sayoud, avec la distribution d\u2019\u00e9quipements aux personnes aux besoins sp\u00e9cifiques et des fauteuils roulants aux enfants et personnes handicap\u00e9s moteurs, outre des activit\u00e9s culturelles.<\/p>\n\n\n\n<p>A El Bayadh, ces festivit\u00e9s ont eu lieu au niveau du centre psychop\u00e9dagogique N 2 \u00ab\u00a0Chahid Guerbouz Larbi\u00a0\u00bb \u00e0 la nouvelle ville du chef-lieu de wilaya, ou pr\u00e8s de 30 fauteuils roulants ont \u00e9t\u00e9 distribu\u00e9s aux enfants aux besoins sp\u00e9cifiques, n\u00e9cessiteux et scolaris\u00e9s, alors que quatre motocycles destin\u00e9s \u00e0 cette cat\u00e9gorie seront distribu\u00e9s, prochainement.<\/p>\n\n\n\n<blockquote class=\"wp-block-quote is-layout-flow wp-block-quote-is-layout-flow\">\n<p><strong><em>A cette occasion, des accords de coop\u00e9ration ont \u00e9galement \u00e9t\u00e9 conclus entre l&rsquo;association Amal, sp\u00e9cialis\u00e9e dans la prise en charge des enfants trisomiques, et un certain nombre de m\u00e9decins sp\u00e9cialistes pour la prise en charge sanitaire de ces enfants, en plus de repr\u00e9sentations th\u00e9\u00e2trales sur la guerre de lib\u00e9ration et la cause palestinienne.<\/em><\/strong><\/p>\n<\/blockquote>\n\n\n\n<p>Pour rappel, le secteur de l\u2019action Sociale et de solidarit\u00e9 \u00e0 El Bayadh prend en charge environ 260 enfants aux besoins sp\u00e9cifiques \u00e0 travers les quatre institutions sp\u00e9cialis\u00e9es, notamment centres psychop\u00e9dagogiques pour enfants handicap\u00e9s mentaux au chef-lieu de wilaya et Labiodh Sidi Cheikh, ainsi qu\u2019une \u00e9cole pour enfants malentendants \u00e0 El Bayadh, sous la supervision de plus de 120 encadreurs, dont des \u00e9ducateurs, des enseignants et des instructeurs.<\/p>\n\n\n\n<p>Le nombre d&rsquo;enfants l\u00e9g\u00e8rement handicap\u00e9s pris en charge dans le milieu \u00e9ducatif est de 140 enfants r\u00e9partis dans 25 classes, alors que deux nouvelles classes devront \u00eatre ouvertes prochainement dans les communes de Labiodh Sidi Cheikh et Rogassa.<\/p>\n\n\n\n<p>A Mascara, la c\u00e9r\u00e9monie de c\u00e9l\u00e9bration de la Journ\u00e9e mondiale a donn\u00e9 lieu \u00e0 plusieurs activit\u00e9s artistiques et culturelles \u00e0 l\u2019\u00e9cole des enfants d\u00e9ficients visuels, dont une exposition des r\u00e9alisations des enfants aux besoins sp\u00e9cifiques affili\u00e9s aux \u00e9tablissements p\u00e9dagogiques sp\u00e9cialis\u00e9s de la wilaya, notamment des travaux manuels, artistiques, dessin et chants nationaux faisant l\u2019\u00e9loge du combat du peuple palestinien.<\/p>\n\n\n\n<p>Des \u00e9quipements ont \u00e9galement \u00e9t\u00e9 distribu\u00e9s \u00e0 20 personnes aux besoins sp\u00e9cifiques, notamment des motocycles, des fauteuils \u00e9lectriques, des fauteuils roulants et des chaises pour personnes polyhandicap\u00e9es.<\/p>\n\n\n\n<p>Pour sa part, la Direction de l&rsquo;Action Sociale de la wilaya de N\u00e2ama, en coordination avec les associations de protection des personnes handicap\u00e9es, a organis\u00e9 une c\u00e9r\u00e9monie \u00e0 cette occasion, qui a port\u00e9 sur la distribution de trois motocycles pour handicap\u00e9s physiques, des fauteuils roulants et d&rsquo;autres fournitures, en plus de spectacles artistiques et culturels visant \u00e0 redonner le sourire aux enfants aux besoins sp\u00e9cifiques.<\/p>\n\n\n\n<p>A Tiaret, des travaux manuels et d\u2019artisanat r\u00e9alis\u00e9s par des enfants aux besoins sp\u00e9cifiques scolaris\u00e9s aux centres psychop\u00e9dagogiques, relevant du secteur de l\u2019action sociale et de la solidarit\u00e9, et autres parrain\u00e9s par des associations ont \u00e9t\u00e9 expos\u00e9s. Plusieurs activit\u00e9s r\u00e9cr\u00e9atives et \u00e9ducatives ont \u00e9t\u00e9 pr\u00e9sent\u00e9es en leur faveur.<\/p>\n","protected":false},"excerpt":{"rendered":"<p>Diverses activit\u00e9s ont \u00e9t\u00e9 organis\u00e9es, dimanche \u00e0 l\u2019Ouest du pays, \u00e0 l\u2019occasion de la c\u00e9l\u00e9bration de la Journ\u00e9e internationale des personnes aux besoins sp\u00e9cifiques, dont la distribution d\u2019\u00e9quipements et l\u2019exposition de travaux de cette couche de la soci\u00e9t\u00e9. A Oran, l\u2019\u00e9cole des enfants malentendants a abrit\u00e9 les c\u00e9r\u00e9monies de c\u00e9l\u00e9bration [&hellip;]<\/p>\n","protected":false},"author":3,"featured_media":5968,"comment_status":"open","ping_status":"open","sticky":false,"template":"","format":"standard","meta":{"footnotes":""},"categories":[53],"tags":[],"class_list":["post-5967","post","type-post","status-publish","format-standard","has-post-thumbnail","hentry","category-societe"],"_links":{"self":[{"href":"https:\/\/alger16.dz\/index.php?rest_route=\/wp\/v2\/posts\/5967","targetHints":{"allow":["GET"]}}],"collection":[{"href":"https:\/\/alger16.dz\/index.php?rest_route=\/wp\/v2\/posts"}],"about":[{"href":"https:\/\/alger16.dz\/index.php?rest_route=\/wp\/v2\/types\/post"}],"author":[{"embeddable":true,"href":"https:\/\/alger16.dz\/index.php?rest_route=\/wp\/v2\/users\/3"}],"replies":[{"embeddable":true,"href":"https:\/\/alger16.dz\/index.php?rest_route=%2Fwp%2Fv2%2Fcomments&post=5967"}],"version-history":[{"count":1,"href":"https:\/\/alger16.dz\/index.php?rest_route=\/wp\/v2\/posts\/5967\/revisions"}],"predecessor-version":[{"id":5969,"href":"https:\/\/alger16.dz\/index.php?rest_route=\/wp\/v2\/posts\/5967\/revisions\/5969"}],"wp:featuredmedia":[{"embeddable":true,"href":"https:\/\/alger16.dz\/index.php?rest_route=\/wp\/v2\/media\/5968"}],"wp:attachment":[{"href":"https:\/\/alger16.dz\/index.php?rest_route=%2Fwp%2Fv2%2Fmedia&parent=5967"}],"wp:term":[{"taxonomy":"category","embeddable":true,"href":"https:\/\/alger16.dz\/index.php?rest_route=%2Fwp%2Fv2%2Fcategories&post=5967"},{"taxonomy":"post_tag","embeddable":true,"href":"https:\/\/alger16.dz\/index.php?rest_route=%2Fwp%2Fv2%2Ftags&post=5967"}],"curies":[{"name":"wp","href":"https:\/\/api.w.org\/{rel}","templated":true}]}}