{"id":60503,"date":"2026-04-26T00:52:00","date_gmt":"2026-04-26T00:52:00","guid":{"rendered":"https:\/\/alger16.dz\/?p=60503"},"modified":"2026-04-26T13:09:51","modified_gmt":"2026-04-26T13:09:51","slug":"un-mega-projet-au-coeur-du-partenariat-algero-qatari-baladna-change-dechelle-a-adrar","status":"publish","type":"post","link":"https:\/\/alger16.dz\/?p=60503","title":{"rendered":"Un M\u00e9ga Projet au c\u0153ur du partenariat Alg\u00e9ro-Qatari Baladna change d\u2019\u00e9chelle \u00e0 Adrar"},"content":{"rendered":"\n<figure class=\"wp-block-image size-full\"><img loading=\"lazy\" decoding=\"async\" width=\"696\" height=\"464\" src=\"https:\/\/alger16.dz\/wp-content\/uploads\/2026\/04\/bladna.jpg\" alt=\"\" class=\"wp-image-60504\" srcset=\"https:\/\/alger16.dz\/wp-content\/uploads\/2026\/04\/bladna.jpg 696w, https:\/\/alger16.dz\/wp-content\/uploads\/2026\/04\/bladna-300x200.jpg 300w\" sizes=\"auto, (max-width: 696px) 100vw, 696px\" \/><\/figure>\n\n\n\n<p><strong>Avec plus de 635 millions de dollars engag\u00e9s dans un nouveau lot de contrats, le m\u00e9gaprojet Baladna franchit une \u00e9tape d\u00e9cisive et s\u2019impose comme un pilier de la strat\u00e9gie nationale de s\u00e9curit\u00e9 alimentaire.<\/strong><\/p>\n\n\n\n<p>Avec la signature du deuxi\u00e8me lot de contrats de r\u00e9alisation, d\u2019un montant d\u00e9passant les 635 millions de dollars, le projet Baladna entre dans une nouvelle phase de concr\u00e9tisation, confirmant son statut de chantier strat\u00e9gique majeur pour l\u2019\u00e9conomie nationale. Implant\u00e9 dans la wilaya d\u2019Adrar, ce m\u00e9gaprojet s\u2019inscrit dans une vision globale port\u00e9e par le pr\u00e9sident de la R\u00e9publique, M. Abdelmadjid Tebboune, visant \u00e0 renforcer la souverainet\u00e9 alimentaire, r\u00e9duire la d\u00e9pendance aux importations et impulser une dynamique de d\u00e9veloppement durable au service de la nation et du citoyen.<br>Pens\u00e9 comme un complexe agro-industriel int\u00e9gr\u00e9, le projet Baladna d\u00e9passe largement le cadre d\u2019une simple initiative agricole. Il ambitionne de transformer en profondeur le paysage \u00e9conomique et productif du pays, notamment dans les r\u00e9gions sahariennes. \u00abCe projet constitue un mod\u00e8le presque unique au monde de transformation de vastes superficies sahariennes en exploitations agricoles d\u00e9di\u00e9es \u00e0 la production laiti\u00e8re\u00bb, a affirm\u00e9 le ministre de l\u2019Agriculture, du D\u00e9veloppement rural et de la P\u00eache, Yacine El Mahdi Oualid, en marge de la signature du deuxi\u00e8me lot de contrats de la premi\u00e8re phase du m\u00e9gaprojet Baladna. Une d\u00e9claration qui traduit l\u2019ampleur du d\u00e9fi relev\u00e9 : faire du d\u00e9sert un v\u00e9ritable p\u00f4le de production agricole intensif et moderne. Le ministre a \u00e9galement mis en avant l\u2019importance strat\u00e9gique du projet \u00e0 Adrar, soulignant son r\u00f4le dans le \u00abrenforcement de la s\u00e9curit\u00e9 alimentaire et la dynamique d\u2019investissement agricole dans le Sud\u00bb. Il a insist\u00e9 sur le fait que cette initiative s\u2019inscrit dans le cadre d\u2019une coop\u00e9ration \u00abtr\u00e8s fructueuse\u00bb entre l\u2019Alg\u00e9rie et Qatar, la qualifiant d\u2019\u00e9tape d\u00e9terminante vers la concr\u00e9tisation de la s\u00e9curit\u00e9 alimentaire nationale et la promotion de l\u2019investissement agricole.<br>Les dimensions du projet t\u00e9moignent de son caract\u00e8re exceptionnel. Il s\u2019agit d\u2019un programme \u00abstrat\u00e9gique et tr\u00e8s ambitieux\u00bb, consid\u00e9r\u00e9 comme \u00able plus grand projet de production de lait\u00bb, voire \u00abl\u2019un des plus grands projets au monde\u00bb. L\u2019investissement global est estim\u00e9 \u00e0 3,5 milliards de dollars pour une superficie de 117 000 hectares dans la wilaya d\u2019Adrar, une \u00e9tendue qualifi\u00e9e de \u00abtr\u00e8s importante\u00bb, \u00e9quivalente \u00e0 celle de certains pays. \u00c0 travers ces chiffres, c\u2019est toute une fili\u00e8re qui se structure, avec pour objectif d\u2019atteindre, \u00e0 terme, l\u2019autosuffisance en lait et de r\u00e9duire significativement les importations.<br>Ce projet s\u2019inscrit dans une approche int\u00e9gr\u00e9e, englobant la production fourrag\u00e8re, l\u2019\u00e9levage bovin \u00e0 grande \u00e9chelle et la transformation industrielle du lait. Une telle organisation permet de garantir la ma\u00eetrise de l\u2019ensemble de la cha\u00eene de valeur, tout en assurant une production stable et comp\u00e9titive, capable de r\u00e9pondre aux besoins croissants du march\u00e9 national.<br>La dimension internationale du projet est \u00e9galement un \u00e9l\u00e9ment central de sa r\u00e9ussite. L\u2019ambassadeur de l\u2019\u00c9tat du Qatar en Alg\u00e9rie, Abdulaziz Ali Al-Naama, a salu\u00e9 une \u00ab\u00e9tape d\u00e9cisive\u00bb dans l\u2019avancement de ce projet agricole int\u00e9gr\u00e9 d\u2019envergure mondiale, soulignant son \u00abimportance strat\u00e9gique dans le renforcement de la s\u00e9curit\u00e9 alimentaire et la consolidation du partenariat alg\u00e9ro-qatarien\u00bb. Cette coop\u00e9ration illustre la volont\u00e9 des deux pays de b\u00e2tir des relations \u00e9conomiques solides et orient\u00e9es vers des secteurs \u00e0 forte valeur ajout\u00e9e.<br>Dans le m\u00eame sillage, le pr\u00e9sident du conseil d\u2019administration de Baladna Alg\u00e9rie, Ali Al-Ali, a mis en avant \u00abl\u2019importance strat\u00e9gique de cette nouvelle \u00e9tape dans l\u2019avancement du projet\u00bb. Il a soulign\u00e9 que cette phase constitue une \u00abacc\u00e9l\u00e9ration concr\u00e8te de la mise en \u0153uvre du programme\u00bb, s\u2019inscrivant dans la continuit\u00e9 des engagements pris depuis la signature initiale des contrats, le 28 juillet 2025, qui avait marqu\u00e9 le lancement effectif des travaux sur le terrain.<br>Au-del\u00e0 de ses retomb\u00e9es agricoles, le projet Baladna repr\u00e9sente un levier \u00e9conomique et social majeur. Il devrait g\u00e9n\u00e9rer des milliers d\u2019emplois directs et indirects, dynamiser les r\u00e9gions du Sud et favoriser le transfert de technologies et de comp\u00e9tences. En valorisant des terres sahariennes jusque-l\u00e0 peu exploit\u00e9es, il participe \u00e9galement \u00e0 la r\u00e9duction des disparit\u00e9s r\u00e9gionales et \u00e0 l\u2019\u00e9mergence de nouveaux p\u00f4les de d\u00e9veloppement.<br>Plus largement, ce m\u00e9gaprojet s\u2019inscrit dans la strat\u00e9gie nationale impuls\u00e9e par Abdelmadjid Tebboune, ax\u00e9e sur la diversification \u00e9conomique et la valorisation de la production nationale. Face aux mutations de l\u2019\u00e9conomie mondiale et aux incertitudes li\u00e9es aux march\u00e9s internationaux, l\u2019Alg\u00e9rie fait le choix d\u2019investir dans ses propres capacit\u00e9s productives et de renforcer sa r\u00e9silience.<br>\u00c0 travers Baladna, c\u2019est toute une vision qui se dessine : celle d\u2019un pays qui transforme ses contraintes en opportunit\u00e9s, mobilise ses ressources et construit les fondations d\u2019une souverainet\u00e9 alimentaire durable. Un projet d\u2019envergure, au service de l\u2019int\u00e9r\u00eat national et du bien-\u00eatre du citoyen.<br><strong>ALGER 16<\/strong><\/p>\n","protected":false},"excerpt":{"rendered":"<p>Avec plus de 635 millions de dollars engag\u00e9s dans un nouveau lot de contrats, le m\u00e9gaprojet Baladna franchit une \u00e9tape d\u00e9cisive et s\u2019impose comme un pilier de la strat\u00e9gie nationale de s\u00e9curit\u00e9 alimentaire. Avec la signature du deuxi\u00e8me lot de contrats de r\u00e9alisation, d\u2019un montant d\u00e9passant les 635 millions de [&hellip;]<\/p>\n","protected":false},"author":3,"featured_media":60505,"comment_status":"closed","ping_status":"open","sticky":false,"template":"","format":"standard","meta":{"footnotes":""},"categories":[236,63],"tags":[2428],"class_list":["post-60503","post","type-post","status-publish","format-standard","has-post-thumbnail","hentry","category-a-la-une","category-economie","tag-baladna"],"_links":{"self":[{"href":"https:\/\/alger16.dz\/index.php?rest_route=\/wp\/v2\/posts\/60503","targetHints":{"allow":["GET"]}}],"collection":[{"href":"https:\/\/alger16.dz\/index.php?rest_route=\/wp\/v2\/posts"}],"about":[{"href":"https:\/\/alger16.dz\/index.php?rest_route=\/wp\/v2\/types\/post"}],"author":[{"embeddable":true,"href":"https:\/\/alger16.dz\/index.php?rest_route=\/wp\/v2\/users\/3"}],"replies":[{"embeddable":true,"href":"https:\/\/alger16.dz\/index.php?rest_route=%2Fwp%2Fv2%2Fcomments&post=60503"}],"version-history":[{"count":1,"href":"https:\/\/alger16.dz\/index.php?rest_route=\/wp\/v2\/posts\/60503\/revisions"}],"predecessor-version":[{"id":60506,"href":"https:\/\/alger16.dz\/index.php?rest_route=\/wp\/v2\/posts\/60503\/revisions\/60506"}],"wp:featuredmedia":[{"embeddable":true,"href":"https:\/\/alger16.dz\/index.php?rest_route=\/wp\/v2\/media\/60505"}],"wp:attachment":[{"href":"https:\/\/alger16.dz\/index.php?rest_route=%2Fwp%2Fv2%2Fmedia&parent=60503"}],"wp:term":[{"taxonomy":"category","embeddable":true,"href":"https:\/\/alger16.dz\/index.php?rest_route=%2Fwp%2Fv2%2Fcategories&post=60503"},{"taxonomy":"post_tag","embeddable":true,"href":"https:\/\/alger16.dz\/index.php?rest_route=%2Fwp%2Fv2%2Ftags&post=60503"}],"curies":[{"name":"wp","href":"https:\/\/api.w.org\/{rel}","templated":true}]}}