{"id":60513,"date":"2026-04-26T12:18:00","date_gmt":"2026-04-26T12:18:00","guid":{"rendered":"https:\/\/alger16.dz\/?p=60513"},"modified":"2026-04-26T15:18:51","modified_gmt":"2026-04-26T15:18:51","slug":"agression-sioniste-contre-le-liban-sept-martyrs-et-24-blesses-ces-dernieres-24-heures","status":"publish","type":"post","link":"https:\/\/alger16.dz\/?p=60513","title":{"rendered":"Agression sioniste contre le Liban : sept martyrs et 24 bless\u00e9s ces derni\u00e8res 24 heures \u00a0 \u00a0"},"content":{"rendered":"\n<figure class=\"wp-block-image size-full\"><img loading=\"lazy\" decoding=\"async\" width=\"900\" height=\"675\" src=\"https:\/\/alger16.dz\/wp-content\/uploads\/2026\/04\/image-210.png\" alt=\"\" class=\"wp-image-60514\" srcset=\"https:\/\/alger16.dz\/wp-content\/uploads\/2026\/04\/image-210.png 900w, https:\/\/alger16.dz\/wp-content\/uploads\/2026\/04\/image-210-300x225.png 300w, https:\/\/alger16.dz\/wp-content\/uploads\/2026\/04\/image-210-768x576.png 768w\" sizes=\"auto, (max-width: 900px) 100vw, 900px\" \/><\/figure>\n\n\n\n<p><strong>Sept Libanais sont tomb\u00e9s en martyrs et 24 autres ont \u00e9t\u00e9 bless\u00e9s, dont 3 enfants, dans des raids men\u00e9s dans le Sud de Liban par les forces sionistes ces derni\u00e8res 24 heures, a annonc\u00e9 dimanche le Centre des op\u00e9rations d&rsquo;urgence du minist\u00e8re de la Sant\u00e9 publique libanais.<\/strong><\/p>\n\n\n\n<p>Il a indiqu\u00e9, dans un communiqu\u00e9 relay\u00e9 par l&rsquo;agence de presse libanaise ANI, que les raids men\u00e9s samedi sur plusieurs localit\u00e9s du sud du Liban par l&rsquo;ennemi sioniste a fait 7 martyrs parmi les citoyens ainsi que 24 bless\u00e9s, dont 3 enfants, malgr\u00e9 un cessez-le feu prolong\u00e9 de trois semaines \u00e0 l&rsquo;issue d&rsquo;une nouvelle session de pourparlers.<\/p>\n\n\n\n<p>Le bilan de l&rsquo;agression sioniste contre le Liban s&rsquo;\u00e9l\u00e8ve \u00e0 2.496 martyrs et 7.725 bless\u00e9s, depuis le 2 mars, ont annonc\u00e9 samedi les autorit\u00e9s libanaises.<\/p>\n\n\n\n<p>Cette agression sioniste a \u00e9galement provoqu\u00e9 une crise humanitaire, dont l&rsquo;impact continue de se faire sentir avec des milliers de personnes contraintes de vivre dans des conditions pr\u00e9caires, loin de chez elles.<\/p>\n","protected":false},"excerpt":{"rendered":"<p>Sept Libanais sont tomb\u00e9s en martyrs et 24 autres ont \u00e9t\u00e9 bless\u00e9s, dont 3 enfants, dans des raids men\u00e9s dans le Sud de Liban par les forces sionistes ces derni\u00e8res 24 heures, a annonc\u00e9 dimanche le Centre des op\u00e9rations d&rsquo;urgence du minist\u00e8re de la Sant\u00e9 publique libanais. Il a indiqu\u00e9, [&hellip;]<\/p>\n","protected":false},"author":3,"featured_media":60514,"comment_status":"closed","ping_status":"open","sticky":false,"template":"","format":"standard","meta":{"footnotes":""},"categories":[65],"tags":[980],"class_list":["post-60513","post","type-post","status-publish","format-standard","has-post-thumbnail","hentry","category-monde","tag-liban"],"_links":{"self":[{"href":"https:\/\/alger16.dz\/index.php?rest_route=\/wp\/v2\/posts\/60513","targetHints":{"allow":["GET"]}}],"collection":[{"href":"https:\/\/alger16.dz\/index.php?rest_route=\/wp\/v2\/posts"}],"about":[{"href":"https:\/\/alger16.dz\/index.php?rest_route=\/wp\/v2\/types\/post"}],"author":[{"embeddable":true,"href":"https:\/\/alger16.dz\/index.php?rest_route=\/wp\/v2\/users\/3"}],"replies":[{"embeddable":true,"href":"https:\/\/alger16.dz\/index.php?rest_route=%2Fwp%2Fv2%2Fcomments&post=60513"}],"version-history":[{"count":1,"href":"https:\/\/alger16.dz\/index.php?rest_route=\/wp\/v2\/posts\/60513\/revisions"}],"predecessor-version":[{"id":60515,"href":"https:\/\/alger16.dz\/index.php?rest_route=\/wp\/v2\/posts\/60513\/revisions\/60515"}],"wp:featuredmedia":[{"embeddable":true,"href":"https:\/\/alger16.dz\/index.php?rest_route=\/wp\/v2\/media\/60514"}],"wp:attachment":[{"href":"https:\/\/alger16.dz\/index.php?rest_route=%2Fwp%2Fv2%2Fmedia&parent=60513"}],"wp:term":[{"taxonomy":"category","embeddable":true,"href":"https:\/\/alger16.dz\/index.php?rest_route=%2Fwp%2Fv2%2Fcategories&post=60513"},{"taxonomy":"post_tag","embeddable":true,"href":"https:\/\/alger16.dz\/index.php?rest_route=%2Fwp%2Fv2%2Ftags&post=60513"}],"curies":[{"name":"wp","href":"https:\/\/api.w.org\/{rel}","templated":true}]}}