{"id":60522,"date":"2026-04-26T00:36:00","date_gmt":"2026-04-26T00:36:00","guid":{"rendered":"https:\/\/alger16.dz\/?p=60522"},"modified":"2026-04-26T16:40:39","modified_gmt":"2026-04-26T16:40:39","slug":"start-up-algeriennes-vers-un-acces-concret-a-la-commande-publique","status":"publish","type":"post","link":"https:\/\/alger16.dz\/?p=60522","title":{"rendered":"Start-up alg\u00e9riennes : Vers un acc\u00e8s concret \u00e0 la commande publique"},"content":{"rendered":"\n<figure class=\"wp-block-image size-large\"><img loading=\"lazy\" decoding=\"async\" width=\"1024\" height=\"618\" src=\"https:\/\/alger16.dz\/wp-content\/uploads\/2026\/04\/image-211-1024x618.png\" alt=\"\" class=\"wp-image-60524\" srcset=\"https:\/\/alger16.dz\/wp-content\/uploads\/2026\/04\/image-211-1024x618.png 1024w, https:\/\/alger16.dz\/wp-content\/uploads\/2026\/04\/image-211-300x181.png 300w, https:\/\/alger16.dz\/wp-content\/uploads\/2026\/04\/image-211-768x463.png 768w, https:\/\/alger16.dz\/wp-content\/uploads\/2026\/04\/image-211.png 1160w\" sizes=\"auto, (max-width: 1024px) 100vw, 1024px\" \/><\/figure>\n\n\n\n<p><strong>Selon les d\u00e9clarations du ministre de l\u2019\u00c9conomie de la connaissance, des Start-up et des Micro-entreprises, Noureddine Ouadah, jeudi dernier, devant l\u2019Assembl\u00e9e populaire nationale, les textes d\u2019application de la nouvelle loi sur les march\u00e9s publics, destin\u00e9s \u00e0 faciliter l\u2019acc\u00e8s des start-up \u00e0 ces opportunit\u00e9s, seront publi\u00e9s prochainement.<\/strong><\/p>\n\n\n\n<p>S\u2019exprimant lors d\u2019une s\u00e9ance pl\u00e9ni\u00e8re consacr\u00e9e aux questions orales, pr\u00e9sid\u00e9e par le vice-pr\u00e9sident de l\u2019APN, Toufik Guezout, en pr\u00e9sence de la ministre des Relations avec le Parlement, Nadjiba Djilali, le ministre a pr\u00e9cis\u00e9 que ses services finalisent actuellement les textes d\u2019application li\u00e9s \u00e0 l\u2019article 41 de la loi sur les march\u00e9s publics de 2023, soulignant que ces dispositions permettront d\u2019ouvrir davantage les march\u00e9s publics aux start-up.<br>Cet article pr\u00e9voit notamment le recours \u00e0 la proc\u00e9dure de n\u00e9gociation directe dans plusieurs cas sp\u00e9cifiques, dont celui visant \u00e0 promouvoir les start-up labellis\u00e9es op\u00e9rant dans les domaines du num\u00e9rique et de l\u2019innovation, \u00e0 condition que les solutions propos\u00e9es pr\u00e9sentent un caract\u00e8re unique et innovant, un levier juridique qui pourrait changer concr\u00e8tement la place des jeunes entreprises dans la commande publique.<br>Le ministre a inscrit cette d\u00e9marche dans une dynamique plus large de structuration de l\u2019\u00e9cosyst\u00e8me entrepreneurial en Alg\u00e9rie, un \u00e9cosyst\u00e8me qui, selon lui, a connu une progression notable depuis 2020, avec une croissance spectaculaire du nombre de start-up, pass\u00e9es d\u2019environ 200 \u00e0 pr\u00e8s de 13 000 attendues d\u2019ici fin 2025.<br>Dans le m\u00eame temps, les m\u00e9canismes de financement commencent \u00e0 produire leurs premiers r\u00e9sultats tangibles, notamment \u00e0 travers le Fonds alg\u00e9rien des start-up, qui a r\u00e9alis\u00e9 en 2025 ses premi\u00e8res op\u00e9rations de sortie, signe d\u2019un d\u00e9but de maturit\u00e9 du dispositif, ce fonds, cr\u00e9\u00e9 en 2020, poursuivant aujourd\u2019hui son accompagnement en soutenant plus d\u2019une centaine d\u2019entreprises.<br>Le ministre a \u00e9galement insist\u00e9 sur la n\u00e9cessit\u00e9 d\u2019une implication plus forte des entreprises \u00e9conomiques dans le financement des start-up, appelant au d\u00e9veloppement de fonds d\u2019investissement, d\u2019incubateurs et d\u2019acc\u00e9l\u00e9rateurs, afin de renforcer les passerelles entre \u00e9conomie traditionnelle et innovation.<br>Sur le plan organisationnel, il a rappel\u00e9 la mise en place du label \u201cScale-up\u201d, destin\u00e9 aux entreprises ayant d\u00e9pass\u00e9 la phase de d\u00e9marrage, ainsi que l\u2019importance du programme \u201cKick Start\u201d, con\u00e7u pour transformer les projets innovants en start-up structur\u00e9es, ajoutant qu\u2019une nouvelle session de ce programme sera lanc\u00e9e dans les prochaines semaines, avec la participation d\u2019au moins cinq incubateurs soutenus par l\u2019\u00c9tat.<br>Par ailleurs, le ministre a \u00e9voqu\u00e9 la poursuite des efforts engag\u00e9s pour r\u00e9soudre la probl\u00e9matique des projets en difficult\u00e9, notamment dans le segment des micro-entreprises, en soulignant que le syst\u00e8me de soutien \u00e0 l\u2019entrepreneuriat a fait l\u2019objet d\u2019une r\u00e9vision qualitative, int\u00e9grant d\u00e9sormais une formation obligatoire pour les porteurs de projets, dispens\u00e9e au sein de centres de d\u00e9veloppement de l\u2019entrepreneuriat.<br>\u00c0 ce jour, 300 centres ont \u00e9t\u00e9 mis en place \u00e0 travers le pays, dont 110 relevant de l\u2019enseignement sup\u00e9rieur et 180 du secteur de la formation professionnelle, illustrant une volont\u00e9 de structurer l\u2019accompagnement d\u00e8s les premi\u00e8res \u00e9tapes du projet.<\/p>\n\n\n\n<p><strong>Suivi des projets en difficult\u00e9<br><\/strong>Concernant les projets en difficult\u00e9 issus des anciens dispositifs, le ministre a assur\u00e9 que leur traitement fait l\u2019objet d\u2019un suivi quotidien, bas\u00e9 sur une approche m\u00e9thodique visant \u00e0 apporter des solutions adapt\u00e9es, notamment en mati\u00e8re de financement.<br>La plateforme num\u00e9rique d\u00e9di\u00e9e a ainsi recens\u00e9 pr\u00e8s de 11 000 projets bloqu\u00e9s relevant de l\u2019ancien dispositif ANSEJ, dont plus de 10 000 ont d\u00e9j\u00e0 \u00e9t\u00e9 trait\u00e9s, soit environ 90 % des dossiers, la majorit\u00e9 ayant \u00e9t\u00e9 transmise aux banques dans une logique de traitement \u00e9conomique pragmatique.<br>Dans le d\u00e9tail, 5 200 porteurs de projets ont obtenu une r\u00e9ponse favorable, tandis que les dossiers restants font l\u2019objet d\u2019un traitement au cas par cas, avec environ 500 rejets enregistr\u00e9s, soit moins de 5 % du total.<br>S\u2019agissant des projets relevant de la CNAC, plus de 65 000 dossiers en difficult\u00e9 ont \u00e9t\u00e9 identifi\u00e9s et sont actuellement en cours d\u2019\u00e9tude par l\u2019Agence nationale de soutien et de d\u00e9veloppement de l\u2019entrepreneuriat, selon des crit\u00e8res \u00e9conomiques destin\u00e9s \u00e0 favoriser des solutions viables.<br>Au-del\u00e0 des annonces et des indicateurs encourageants, le v\u00e9ritable enjeu r\u00e9side d\u00e9sormais dans la capacit\u00e9 \u00e0 transformer cet \u00e9lan en r\u00e9sultats durables, car c\u2019est dans l\u2019acc\u00e8s r\u00e9el des start-up \u00e0 la commande publique et dans la r\u00e9solution effective des projets en difficult\u00e9 que se mesurera, concr\u00e8tement, la maturit\u00e9 de l\u2019\u00e9cosyst\u00e8me entrepreneurial alg\u00e9rien.<br><strong>Abir Menasria<\/strong><\/p>\n","protected":false},"excerpt":{"rendered":"<p>Selon les d\u00e9clarations du ministre de l\u2019\u00c9conomie de la connaissance, des Start-up et des Micro-entreprises, Noureddine Ouadah, jeudi dernier, devant l\u2019Assembl\u00e9e populaire nationale, les textes d\u2019application de la nouvelle loi sur les march\u00e9s publics, destin\u00e9s \u00e0 faciliter l\u2019acc\u00e8s des start-up \u00e0 ces opportunit\u00e9s, seront publi\u00e9s prochainement. S\u2019exprimant lors d\u2019une s\u00e9ance [&hellip;]<\/p>\n","protected":false},"author":3,"featured_media":60524,"comment_status":"closed","ping_status":"open","sticky":false,"template":"","format":"standard","meta":{"footnotes":""},"categories":[63],"tags":[3901],"class_list":["post-60522","post","type-post","status-publish","format-standard","has-post-thumbnail","hentry","category-economie","tag-start-up"],"_links":{"self":[{"href":"https:\/\/alger16.dz\/index.php?rest_route=\/wp\/v2\/posts\/60522","targetHints":{"allow":["GET"]}}],"collection":[{"href":"https:\/\/alger16.dz\/index.php?rest_route=\/wp\/v2\/posts"}],"about":[{"href":"https:\/\/alger16.dz\/index.php?rest_route=\/wp\/v2\/types\/post"}],"author":[{"embeddable":true,"href":"https:\/\/alger16.dz\/index.php?rest_route=\/wp\/v2\/users\/3"}],"replies":[{"embeddable":true,"href":"https:\/\/alger16.dz\/index.php?rest_route=%2Fwp%2Fv2%2Fcomments&post=60522"}],"version-history":[{"count":1,"href":"https:\/\/alger16.dz\/index.php?rest_route=\/wp\/v2\/posts\/60522\/revisions"}],"predecessor-version":[{"id":60525,"href":"https:\/\/alger16.dz\/index.php?rest_route=\/wp\/v2\/posts\/60522\/revisions\/60525"}],"wp:featuredmedia":[{"embeddable":true,"href":"https:\/\/alger16.dz\/index.php?rest_route=\/wp\/v2\/media\/60524"}],"wp:attachment":[{"href":"https:\/\/alger16.dz\/index.php?rest_route=%2Fwp%2Fv2%2Fmedia&parent=60522"}],"wp:term":[{"taxonomy":"category","embeddable":true,"href":"https:\/\/alger16.dz\/index.php?rest_route=%2Fwp%2Fv2%2Fcategories&post=60522"},{"taxonomy":"post_tag","embeddable":true,"href":"https:\/\/alger16.dz\/index.php?rest_route=%2Fwp%2Fv2%2Ftags&post=60522"}],"curies":[{"name":"wp","href":"https:\/\/api.w.org\/{rel}","templated":true}]}}