{"id":60526,"date":"2026-04-26T00:42:00","date_gmt":"2026-04-26T00:42:00","guid":{"rendered":"https:\/\/alger16.dz\/?p=60526"},"modified":"2026-04-26T16:43:33","modified_gmt":"2026-04-26T16:43:33","slug":"plan-daction-2026-2030-lalgerie-structure-sa-politique-en-faveur-des-droits-de-lenfant","status":"publish","type":"post","link":"https:\/\/alger16.dz\/?p=60526","title":{"rendered":"Plan d\u2019action 2026-2030 : L\u2019Alg\u00e9rie structure sa politique en faveur des droits de l\u2019enfant"},"content":{"rendered":"\n<figure class=\"wp-block-image size-large\"><img loading=\"lazy\" decoding=\"async\" width=\"1024\" height=\"553\" src=\"https:\/\/alger16.dz\/wp-content\/uploads\/2026\/04\/image-212-1024x553.png\" alt=\"\" class=\"wp-image-60527\" srcset=\"https:\/\/alger16.dz\/wp-content\/uploads\/2026\/04\/image-212-1024x553.png 1024w, https:\/\/alger16.dz\/wp-content\/uploads\/2026\/04\/image-212-300x162.png 300w, https:\/\/alger16.dz\/wp-content\/uploads\/2026\/04\/image-212-768x415.png 768w, https:\/\/alger16.dz\/wp-content\/uploads\/2026\/04\/image-212-1536x829.png 1536w, https:\/\/alger16.dz\/wp-content\/uploads\/2026\/04\/image-212.png 1886w\" sizes=\"auto, (max-width: 1024px) 100vw, 1024px\" \/><\/figure>\n\n\n\n<p>La d\u00e9l\u00e9gu\u00e9e nationale \u00e0 la protection de l\u2019enfance, Mme Meriem Cherfi, a annonc\u00e9 jeudi dernier \u00e0 Sa\u00efda l\u2019ach\u00e8vement de l\u2019\u00e9laboration du Plan d\u2019action national pour l\u2019enfance pour la p\u00e9riode 2026-2030, une feuille de route destin\u00e9e \u00e0 renforcer et promouvoir les droits de l\u2019enfant \u00e0 travers diff\u00e9rents secteurs.<br>S\u2019exprimant lors d\u2019une journ\u00e9e de r\u00e9flexion consacr\u00e9e \u00e0 \u00ab la protection et la promotion des droits de l\u2019enfant \u00bb, organis\u00e9e au si\u00e8ge de la Cour de Sa\u00efda dans le cadre d\u2019une visite de travail dans la wilaya, elle a soulign\u00e9 que ce projet constitue \u00abun jalon crucial \u00bb dans le processus d\u2019am\u00e9lioration de la prise en charge de l\u2019enfance en Alg\u00e9rie. Ce plan s\u2019inscrit dans une d\u00e9marche strat\u00e9gique visant \u00e0 structurer et \u00e0 renforcer les m\u00e9canismes de protection de l\u2019enfant, en mettant en place des syst\u00e8mes de prise en charge plus efficaces, con\u00e7us avec la participation d\u2019un large \u00e9ventail d\u2019acteurs, incluant les minist\u00e8res, les institutions nationales, les \u00e9tablissements publics, ainsi que les organisations de la soci\u00e9t\u00e9 civile.<br>Mme Cherfi a \u00e9galement pr\u00e9cis\u00e9 que ce dispositif int\u00e8gre plusieurs initiatives destin\u00e9es \u00e0 am\u00e9liorer concr\u00e8tement les conditions de prise en charge des enfants, rappelant que la question de l\u2019enfance b\u00e9n\u00e9ficie d\u2019un int\u00e9r\u00eat particulier au plus haut niveau de l\u2019\u00c9tat, notamment de la part du pr\u00e9sident de la R\u00e9publique, Abdelmadjid Tebboune, qui accorde une importance soutenue \u00e0 la promotion et \u00e0 la protection des droits de l\u2019enfant. Au cours de sa visite \u00e0 Sa\u00efda, la responsable a effectu\u00e9 une s\u00e9rie de d\u00e9placements sur le terrain, lui permettant d\u2019\u00e9valuer diff\u00e9rentes structures d\u00e9di\u00e9es \u00e0 l\u2019enfance, notamment le centre sp\u00e9cialis\u00e9 pour la protection des mineurs d\u00e9linquants, o\u00f9 elle a insist\u00e9 sur la n\u00e9cessit\u00e9 de renforcer les actions de sensibilisation et de pr\u00e9vention face aux ph\u00e9nom\u00e8nes sociaux pr\u00e9occupants, en particulier la consommation de drogue.<br>Elle s\u2019est \u00e9galement rendue \u00e0 la biblioth\u00e8que principale de lecture publique Nezzar-Abdelkrim, saluant les efforts engag\u00e9s en mati\u00e8re de transition num\u00e9rique, qu\u2019elle consid\u00e8re comme une opportunit\u00e9 essentielle pour permettre aux enfants d\u2019acc\u00e9der \u00e0 des outils modernes de connaissance et de rester en phase avec les \u00e9volutions technologiques. La visite a aussi inclus le centre d\u2019aide \u00e0 l\u2019enfance du quartier Ennasr, le service de maternit\u00e9 et de l\u2019enfance de la polyclinique du quartier 11-D\u00e9cembre, ainsi que le service de p\u00e9diatrie de l\u2019\u00e9tablissement hospitalier Hamdane-Bakhta, offrant un aper\u00e7u global des dispositifs existants en mati\u00e8re de prise en charge.<br>Par ailleurs, Mme Cherfi a examin\u00e9 des classes inclusives destin\u00e9es aux enfants \u00e0 besoins sp\u00e9cifiques et assist\u00e9 \u00e0 des activit\u00e9s culturelles et scientifiques pr\u00e9sent\u00e9es par les \u00e9l\u00e8ves de l\u2019\u00e9cole primaire Mouloud-Feraoun au quartier Boumerchi, mettant en lumi\u00e8re les efforts d\u00e9ploy\u00e9s pour promouvoir une \u00e9ducation inclusive et stimulante. Au-del\u00e0 de son caract\u00e8re institutionnel, ce plan d\u2019action sera jug\u00e9 \u00e0 l\u2019aune de son impact r\u00e9el sur le quotidien des enfants, car c\u2019est dans l\u2019efficacit\u00e9 des dispositifs de protection, dans l\u2019acc\u00e8s \u00e9quitable aux services et dans la pr\u00e9vention des vuln\u00e9rabilit\u00e9s que se mesurera, concr\u00e8tement, la port\u00e9e de cet engagement national en faveur de l\u2019enfance.<br><strong>Amira Benhizia<\/strong><\/p>\n","protected":false},"excerpt":{"rendered":"<p>La d\u00e9l\u00e9gu\u00e9e nationale \u00e0 la protection de l\u2019enfance, Mme Meriem Cherfi, a annonc\u00e9 jeudi dernier \u00e0 Sa\u00efda l\u2019ach\u00e8vement de l\u2019\u00e9laboration du Plan d\u2019action national pour l\u2019enfance pour la p\u00e9riode 2026-2030, une feuille de route destin\u00e9e \u00e0 renforcer et promouvoir les droits de l\u2019enfant \u00e0 travers diff\u00e9rents secteurs.S\u2019exprimant lors d\u2019une journ\u00e9e [&hellip;]<\/p>\n","protected":false},"author":3,"featured_media":60527,"comment_status":"closed","ping_status":"open","sticky":false,"template":"","format":"standard","meta":{"footnotes":""},"categories":[53],"tags":[5237],"class_list":["post-60526","post","type-post","status-publish","format-standard","has-post-thumbnail","hentry","category-societe","tag-droits-de-lenfant-2"],"_links":{"self":[{"href":"https:\/\/alger16.dz\/index.php?rest_route=\/wp\/v2\/posts\/60526","targetHints":{"allow":["GET"]}}],"collection":[{"href":"https:\/\/alger16.dz\/index.php?rest_route=\/wp\/v2\/posts"}],"about":[{"href":"https:\/\/alger16.dz\/index.php?rest_route=\/wp\/v2\/types\/post"}],"author":[{"embeddable":true,"href":"https:\/\/alger16.dz\/index.php?rest_route=\/wp\/v2\/users\/3"}],"replies":[{"embeddable":true,"href":"https:\/\/alger16.dz\/index.php?rest_route=%2Fwp%2Fv2%2Fcomments&post=60526"}],"version-history":[{"count":1,"href":"https:\/\/alger16.dz\/index.php?rest_route=\/wp\/v2\/posts\/60526\/revisions"}],"predecessor-version":[{"id":60528,"href":"https:\/\/alger16.dz\/index.php?rest_route=\/wp\/v2\/posts\/60526\/revisions\/60528"}],"wp:featuredmedia":[{"embeddable":true,"href":"https:\/\/alger16.dz\/index.php?rest_route=\/wp\/v2\/media\/60527"}],"wp:attachment":[{"href":"https:\/\/alger16.dz\/index.php?rest_route=%2Fwp%2Fv2%2Fmedia&parent=60526"}],"wp:term":[{"taxonomy":"category","embeddable":true,"href":"https:\/\/alger16.dz\/index.php?rest_route=%2Fwp%2Fv2%2Fcategories&post=60526"},{"taxonomy":"post_tag","embeddable":true,"href":"https:\/\/alger16.dz\/index.php?rest_route=%2Fwp%2Fv2%2Ftags&post=60526"}],"curies":[{"name":"wp","href":"https:\/\/api.w.org\/{rel}","templated":true}]}}