{"id":60529,"date":"2026-04-26T00:43:00","date_gmt":"2026-04-26T00:43:00","guid":{"rendered":"https:\/\/alger16.dz\/?p=60529"},"modified":"2026-04-26T16:46:00","modified_gmt":"2026-04-26T16:46:00","slug":"rehabilitation-de-riadh-el-feth-un-taux-davancement-des-travaux-appreciable","status":"publish","type":"post","link":"https:\/\/alger16.dz\/?p=60529","title":{"rendered":"R\u00e9habilitation de Riadh El Feth : Un taux d\u2019avancement des travaux appr\u00e9ciable"},"content":{"rendered":"\n<figure class=\"wp-block-image size-full\"><img loading=\"lazy\" decoding=\"async\" width=\"775\" height=\"653\" src=\"https:\/\/alger16.dz\/wp-content\/uploads\/2026\/04\/rayad-el-fateh.jpg\" alt=\"\" class=\"wp-image-60530\" srcset=\"https:\/\/alger16.dz\/wp-content\/uploads\/2026\/04\/rayad-el-fateh.jpg 775w, https:\/\/alger16.dz\/wp-content\/uploads\/2026\/04\/rayad-el-fateh-300x253.jpg 300w, https:\/\/alger16.dz\/wp-content\/uploads\/2026\/04\/rayad-el-fateh-768x647.jpg 768w\" sizes=\"auto, (max-width: 775px) 100vw, 775px\" \/><\/figure>\n\n\n\n<p><strong>Le ministre, wali de la wilaya d\u2019Alger, M. Mohamed Abdenour Rabehi, a effectu\u00e9 jeudi dernier une visite de terrain au niveau de Riadh El Feth, afin de s\u2019enqu\u00e9rir de l\u2019\u00e9tat d\u2019avancement des travaux engag\u00e9s dans le cadre du vaste programme d\u2019am\u00e9nagement et de r\u00e9habilitation de ce site embl\u00e9matique, a indiqu\u00e9 un communiqu\u00e9 publi\u00e9 vendredi dernier par les services de la wilaya.<\/strong><\/p>\n\n\n\n<p>Cette sortie s\u2019inscrit dans le cadre de la mise en \u0153uvre des orientations du pr\u00e9sident de la R\u00e9publique, M. Abdelmadjid Tebboune, relatives au transfert de la gestion de l\u2019Office de Riadh El Feth (OREF) du minist\u00e8re de la Culture et des Arts vers la wilaya d\u2019Alger, conform\u00e9ment aux dispositions du d\u00e9cret ex\u00e9cutif n\u00b025-148 du 2 juin 2025, pr\u00e9cise la m\u00eame source. Sur place, le wali a constat\u00e9 un taux d\u2019avancement jug\u00e9 appr\u00e9ciable des travaux, notamment au niveau du Centre des arts, parall\u00e8lement aux op\u00e9rations d\u2019entretien et de r\u00e9am\u00e9nagement touchant les diff\u00e9rentes structures, ainsi que les espaces verts du complexe. Dans ce contexte, M. Rabehi a insist\u00e9 sur la n\u00e9cessit\u00e9 d\u2019assurer un entretien r\u00e9gulier de l\u2019ensemble des installations, tout en appelant \u00e0 acc\u00e9l\u00e9rer les travaux li\u00e9s aux ascenseurs pour leur mise en service dans les meilleurs d\u00e9lais, ainsi qu\u2019au renforcement du dispositif d\u2019\u00e9clairage. Il a \u00e9galement mis l\u2019accent sur le strict respect des normes de qualit\u00e9 \u00e0 toutes les \u00e9tapes de r\u00e9alisation, soulignant l\u2019importance d\u2019achever les travaux avant le d\u00e9but de la saison estivale. Ces efforts s\u2019inscrivent dans une dynamique de terrain continue men\u00e9e par les entreprises publiques relevant de la wilaya d\u2019Alger, visant \u00e0 redonner \u00e0 Riadh El Feth sa vocation d\u2019espace culturel et touristique de premier plan. Cette d\u00e9marche passe notamment par l\u2019\u00e9laboration d\u2019un programme d\u2019animation riche et diversifi\u00e9, incluant des activit\u00e9s artistiques, sportives et de loisirs destin\u00e9es \u00e0 l\u2019ensemble des cat\u00e9gories de la population. Depuis son transfert \u00e0 la wilaya, le site a ainsi b\u00e9n\u00e9fici\u00e9 d\u2019un programme sp\u00e9cifique ayant contribu\u00e9 \u00e0 renforcer son attractivit\u00e9, attirant un nombre croissant de visiteurs, en particulier des familles, des enfants et des jeunes.<br><strong>Cheklat Meriem<\/strong><\/p>\n","protected":false},"excerpt":{"rendered":"<p>Le ministre, wali de la wilaya d\u2019Alger, M. Mohamed Abdenour Rabehi, a effectu\u00e9 jeudi dernier une visite de terrain au niveau de Riadh El Feth, afin de s\u2019enqu\u00e9rir de l\u2019\u00e9tat d\u2019avancement des travaux engag\u00e9s dans le cadre du vaste programme d\u2019am\u00e9nagement et de r\u00e9habilitation de ce site embl\u00e9matique, a indiqu\u00e9 [&hellip;]<\/p>\n","protected":false},"author":3,"featured_media":60530,"comment_status":"closed","ping_status":"open","sticky":false,"template":"","format":"standard","meta":{"footnotes":""},"categories":[53],"tags":[1170],"class_list":["post-60529","post","type-post","status-publish","format-standard","has-post-thumbnail","hentry","category-societe","tag-mohamed-abdenour-rabehi"],"_links":{"self":[{"href":"https:\/\/alger16.dz\/index.php?rest_route=\/wp\/v2\/posts\/60529","targetHints":{"allow":["GET"]}}],"collection":[{"href":"https:\/\/alger16.dz\/index.php?rest_route=\/wp\/v2\/posts"}],"about":[{"href":"https:\/\/alger16.dz\/index.php?rest_route=\/wp\/v2\/types\/post"}],"author":[{"embeddable":true,"href":"https:\/\/alger16.dz\/index.php?rest_route=\/wp\/v2\/users\/3"}],"replies":[{"embeddable":true,"href":"https:\/\/alger16.dz\/index.php?rest_route=%2Fwp%2Fv2%2Fcomments&post=60529"}],"version-history":[{"count":1,"href":"https:\/\/alger16.dz\/index.php?rest_route=\/wp\/v2\/posts\/60529\/revisions"}],"predecessor-version":[{"id":60531,"href":"https:\/\/alger16.dz\/index.php?rest_route=\/wp\/v2\/posts\/60529\/revisions\/60531"}],"wp:featuredmedia":[{"embeddable":true,"href":"https:\/\/alger16.dz\/index.php?rest_route=\/wp\/v2\/media\/60530"}],"wp:attachment":[{"href":"https:\/\/alger16.dz\/index.php?rest_route=%2Fwp%2Fv2%2Fmedia&parent=60529"}],"wp:term":[{"taxonomy":"category","embeddable":true,"href":"https:\/\/alger16.dz\/index.php?rest_route=%2Fwp%2Fv2%2Fcategories&post=60529"},{"taxonomy":"post_tag","embeddable":true,"href":"https:\/\/alger16.dz\/index.php?rest_route=%2Fwp%2Fv2%2Ftags&post=60529"}],"curies":[{"name":"wp","href":"https:\/\/api.w.org\/{rel}","templated":true}]}}