{"id":60578,"date":"2026-04-26T21:10:00","date_gmt":"2026-04-26T21:10:00","guid":{"rendered":"https:\/\/alger16.dz\/?p=60578"},"modified":"2026-04-26T18:49:58","modified_gmt":"2026-04-26T18:49:58","slug":"legislatives-du-2-juillet-prochain-lanie-precise-les-conditions-de-candidature","status":"publish","type":"post","link":"https:\/\/alger16.dz\/?p=60578","title":{"rendered":"L\u00e9gislatives du 2 juillet prochain : L\u2019ANIE pr\u00e9cise les conditions de candidature"},"content":{"rendered":"\n<figure class=\"wp-block-image size-full\"><img loading=\"lazy\" decoding=\"async\" width=\"780\" height=\"470\" src=\"https:\/\/alger16.dz\/wp-content\/uploads\/2026\/04\/vote-2.jpg\" alt=\"\" class=\"wp-image-60579\" srcset=\"https:\/\/alger16.dz\/wp-content\/uploads\/2026\/04\/vote-2.jpg 780w, https:\/\/alger16.dz\/wp-content\/uploads\/2026\/04\/vote-2-300x181.jpg 300w, https:\/\/alger16.dz\/wp-content\/uploads\/2026\/04\/vote-2-768x463.jpg 768w\" sizes=\"auto, (max-width: 780px) 100vw, 780px\" \/><\/figure>\n\n\n\n<p><strong>Le Conseil de l&rsquo;Autorit\u00e9 nationale ind\u00e9pendante des \u00e9lections a donn\u00e9 son accord pour une clarification des situations soulev\u00e9es par les candidats d\u00e9sireux de participer aux \u00e9lections des membres de l&rsquo;Assembl\u00e9e populaire nationale pr\u00e9vues le 2 juillet prochain, selon un communiqu\u00e9 publi\u00e9 samedi dernier par l&rsquo;ANIE.<\/strong><\/p>\n\n\n\n<p>Apr\u00e8s avoir examin\u00e9 les diff\u00e9rents cas relatifs aux \u00e9lus en termes d\u2019affiliation politique et d\u2019exercice du mandat \u00e9lectoral, qui constituent la somme des cas pr\u00e9sent\u00e9s, le Conseil de l\u2019ANIE a approuv\u00e9 \u00e0 l\u2019unanimit\u00e9 la clarification des cas pr\u00e9sent\u00e9s par ceux qui souhaitent se pr\u00e9senter aux \u00e9lections de l\u2019APN, le 2 juillet 2026, \u00e0 titre d\u2019exemple et non de limitation.<br>Tout candidat investi par un parti politique exer\u00e7ant le mandat \u00e9lectoral en vigueur peut se repr\u00e9senter sous l&rsquo;\u00e9tiquette de ce m\u00eame parti. De m\u00eame, tout candidat investi par un parti politique peut se repr\u00e9senter sous l&rsquo;\u00e9tiquette d&rsquo;un autre parti politique ou sur une liste ind\u00e9pendante en cas de perte de son mandat. Tout candidat ind\u00e9pendant actuellement en fonction peut \u00e9galement se pr\u00e9senter aux \u00e9lections l\u00e9gislatives du 2 juillet sous l&rsquo;\u00e9gide d&rsquo;un autre parti politique ou d&rsquo;une liste ind\u00e9pendante dans le cas o\u00f9 son mandat serait r\u00e9voqu\u00e9.<br>Tout candidat plac\u00e9 sous l\u2019\u00e9gide d\u2019un parti politique se trouvant dans une situation de non-conformit\u00e9 dans l\u2019exercice du mandat \u00e9lectoral actuel peut se pr\u00e9senter sous l\u2019appellation d\u2019une liste libre. Quant \u00e0 \u00ab un candidat qui est parrain\u00e9 par un parti politique dont il a d\u00e9missionn\u00e9 et qui effectue son mandat \u00e9lectoral actuel en tant que d\u00e9put\u00e9 ind\u00e9pendant, sa candidature est accept\u00e9e sous l\u2019appellation de liste libre, alors qu\u2019il ne lui est pas possible de se pr\u00e9senter sous le parrainage d\u2019un autre parti politique\u00bb.<br>\u00ab Il est \u00e9galement interdit \u00e0 tout \u00e9lu exer\u00e7ant son mandat \u00e9lectoral actuel sous l&rsquo;\u00e9gide d&rsquo;un parti politique qui n&rsquo;a pas d\u00e9missionn\u00e9 de se pr\u00e9senter sous l&rsquo;\u00e9tiquette d&rsquo;un autre parti politique ou sur une liste ind\u00e9pendante .\u00bb<br>Dans le m\u00eame contexte, \u00ab tout candidat se pr\u00e9sentant sous l\u2019\u00e9gide d\u2019un parti politique en situation de non-conformit\u00e9, et exer\u00e7ant le mandat actuel, se voit interdire de se pr\u00e9senter sous l\u2019\u00e9gide de ce m\u00eame parti politique jusqu\u2019\u00e0 ce que la conformit\u00e9 soit obtenue, et il lui est \u00e9galement interdit de se pr\u00e9senter sous l\u2019\u00e9gide d\u2019un autre parti politique<br>L\u2019Autorit\u00e9 ind\u00e9pendante a expliqu\u00e9 que par les d\u00e9clarations explicatives qu\u2019elle publie, elle ne vise aucunement \u00e0 restreindre le droit constitutionnel de se pr\u00e9senter \u00e0 une \u00e9lection, mais plut\u00f4t \u00e0 \u00ab clarifier comment ce droit s\u2019exerce dans le respect des principes constitutionnels et des principes fondamentaux du syst\u00e8me \u00e9lectoral, notamment l\u2019\u00e9thique de la vie politique, le respect de l\u2019\u00e9thique des pratiques \u00e9lectorales et les conditions d\u2019\u00e9ligibilit\u00e9\u00bb.<br>Elle a d\u2019ailleurs rappel\u00e9 que ces principes reposent principalement sur deux formules, \u00e0 savoir \u00abl\u2019approbation d\u2019une liste de candidats : l\u2019appartenance politique et l\u2019exercice du mandat \u00e9lectoral repr\u00e9sentatif \u00bb.<br>Dans le m\u00eame ordre d&rsquo;id\u00e9es, l&rsquo;ANIE a affirm\u00e9 qu&rsquo;elle reste en contact permanent avec ses partenaires des partis politiques et des listes ind\u00e9pendantes afin de r\u00e9pondre \u00e0 toute pr\u00e9occupation ou demande de clarification re\u00e7ue \u00e0 ce sujet.<br><strong>Abir Menasria<\/strong><\/p>\n","protected":false},"excerpt":{"rendered":"<p>Le Conseil de l&rsquo;Autorit\u00e9 nationale ind\u00e9pendante des \u00e9lections a donn\u00e9 son accord pour une clarification des situations soulev\u00e9es par les candidats d\u00e9sireux de participer aux \u00e9lections des membres de l&rsquo;Assembl\u00e9e populaire nationale pr\u00e9vues le 2 juillet prochain, selon un communiqu\u00e9 publi\u00e9 samedi dernier par l&rsquo;ANIE. Apr\u00e8s avoir examin\u00e9 les diff\u00e9rents [&hellip;]<\/p>\n","protected":false},"author":3,"featured_media":60579,"comment_status":"closed","ping_status":"open","sticky":false,"template":"","format":"standard","meta":{"footnotes":""},"categories":[236,53],"tags":[935,699,5243],"class_list":["post-60578","post","type-post","status-publish","format-standard","has-post-thumbnail","hentry","category-a-la-une","category-societe","tag-anie","tag-csj","tag-election-2"],"_links":{"self":[{"href":"https:\/\/alger16.dz\/index.php?rest_route=\/wp\/v2\/posts\/60578","targetHints":{"allow":["GET"]}}],"collection":[{"href":"https:\/\/alger16.dz\/index.php?rest_route=\/wp\/v2\/posts"}],"about":[{"href":"https:\/\/alger16.dz\/index.php?rest_route=\/wp\/v2\/types\/post"}],"author":[{"embeddable":true,"href":"https:\/\/alger16.dz\/index.php?rest_route=\/wp\/v2\/users\/3"}],"replies":[{"embeddable":true,"href":"https:\/\/alger16.dz\/index.php?rest_route=%2Fwp%2Fv2%2Fcomments&post=60578"}],"version-history":[{"count":1,"href":"https:\/\/alger16.dz\/index.php?rest_route=\/wp\/v2\/posts\/60578\/revisions"}],"predecessor-version":[{"id":60580,"href":"https:\/\/alger16.dz\/index.php?rest_route=\/wp\/v2\/posts\/60578\/revisions\/60580"}],"wp:featuredmedia":[{"embeddable":true,"href":"https:\/\/alger16.dz\/index.php?rest_route=\/wp\/v2\/media\/60579"}],"wp:attachment":[{"href":"https:\/\/alger16.dz\/index.php?rest_route=%2Fwp%2Fv2%2Fmedia&parent=60578"}],"wp:term":[{"taxonomy":"category","embeddable":true,"href":"https:\/\/alger16.dz\/index.php?rest_route=%2Fwp%2Fv2%2Fcategories&post=60578"},{"taxonomy":"post_tag","embeddable":true,"href":"https:\/\/alger16.dz\/index.php?rest_route=%2Fwp%2Fv2%2Ftags&post=60578"}],"curies":[{"name":"wp","href":"https:\/\/api.w.org\/{rel}","templated":true}]}}