{"id":60591,"date":"2026-04-26T12:56:00","date_gmt":"2026-04-26T12:56:00","guid":{"rendered":"https:\/\/alger16.dz\/?p=60591"},"modified":"2026-04-27T13:47:18","modified_gmt":"2026-04-27T13:47:18","slug":"le-president-de-la-republique-recoit-lambassadeur-ditalie-en-algerie-2","status":"publish","type":"post","link":"https:\/\/alger16.dz\/?p=60591","title":{"rendered":"Le pr\u00e9sident de la R\u00e9publique re\u00e7oit l&rsquo;ambassadeur d&rsquo;Italie en Alg\u00e9rie"},"content":{"rendered":"\n<figure class=\"wp-block-image size-large\"><img loading=\"lazy\" decoding=\"async\" width=\"1024\" height=\"683\" src=\"https:\/\/alger16.dz\/wp-content\/uploads\/2026\/04\/image-220-1024x683.png\" alt=\"\" class=\"wp-image-60593\" srcset=\"https:\/\/alger16.dz\/wp-content\/uploads\/2026\/04\/image-220-1024x683.png 1024w, https:\/\/alger16.dz\/wp-content\/uploads\/2026\/04\/image-220-300x200.png 300w, https:\/\/alger16.dz\/wp-content\/uploads\/2026\/04\/image-220-768x512.png 768w, https:\/\/alger16.dz\/wp-content\/uploads\/2026\/04\/image-220.png 1080w\" sizes=\"auto, (max-width: 1024px) 100vw, 1024px\" \/><\/figure>\n\n\n\n<p><strong>Le pr\u00e9sident de la R\u00e9publique, M. Abdelmadjid Tebboune, a re\u00e7u, lundi, l&rsquo;ambassadeur de la R\u00e9publique d&rsquo;Italie en Alg\u00e9rie, M. Alberto Cutillo, qui lui a rendu une visite d&rsquo;adieu.<\/strong><\/p>\n\n\n\n<p>L&rsquo;audience s&rsquo;est d\u00e9roul\u00e9e en pr\u00e9sence du Conseiller aupr\u00e8s du pr\u00e9sident de la R\u00e9publique, charg\u00e9 des affaires diplomatiques, M. Amar Abba.&nbsp;<\/p>\n","protected":false},"excerpt":{"rendered":"<p>Le pr\u00e9sident de la R\u00e9publique, M. Abdelmadjid Tebboune, a re\u00e7u, lundi, l&rsquo;ambassadeur de la R\u00e9publique d&rsquo;Italie en Alg\u00e9rie, M. Alberto Cutillo, qui lui a rendu une visite d&rsquo;adieu. L&rsquo;audience s&rsquo;est d\u00e9roul\u00e9e en pr\u00e9sence du Conseiller aupr\u00e8s du pr\u00e9sident de la R\u00e9publique, charg\u00e9 des affaires diplomatiques, M. Amar Abba.&nbsp;<\/p>\n","protected":false},"author":3,"featured_media":60593,"comment_status":"closed","ping_status":"open","sticky":false,"template":"","format":"standard","meta":{"footnotes":""},"categories":[236,36],"tags":[228,3149],"class_list":["post-60591","post","type-post","status-publish","format-standard","has-post-thumbnail","hentry","category-a-la-une","category-actualites","tag-abdelmadjid-tebboune","tag-alberto-cutillo"],"_links":{"self":[{"href":"https:\/\/alger16.dz\/index.php?rest_route=\/wp\/v2\/posts\/60591","targetHints":{"allow":["GET"]}}],"collection":[{"href":"https:\/\/alger16.dz\/index.php?rest_route=\/wp\/v2\/posts"}],"about":[{"href":"https:\/\/alger16.dz\/index.php?rest_route=\/wp\/v2\/types\/post"}],"author":[{"embeddable":true,"href":"https:\/\/alger16.dz\/index.php?rest_route=\/wp\/v2\/users\/3"}],"replies":[{"embeddable":true,"href":"https:\/\/alger16.dz\/index.php?rest_route=%2Fwp%2Fv2%2Fcomments&post=60591"}],"version-history":[{"count":1,"href":"https:\/\/alger16.dz\/index.php?rest_route=\/wp\/v2\/posts\/60591\/revisions"}],"predecessor-version":[{"id":60594,"href":"https:\/\/alger16.dz\/index.php?rest_route=\/wp\/v2\/posts\/60591\/revisions\/60594"}],"wp:featuredmedia":[{"embeddable":true,"href":"https:\/\/alger16.dz\/index.php?rest_route=\/wp\/v2\/media\/60593"}],"wp:attachment":[{"href":"https:\/\/alger16.dz\/index.php?rest_route=%2Fwp%2Fv2%2Fmedia&parent=60591"}],"wp:term":[{"taxonomy":"category","embeddable":true,"href":"https:\/\/alger16.dz\/index.php?rest_route=%2Fwp%2Fv2%2Fcategories&post=60591"},{"taxonomy":"post_tag","embeddable":true,"href":"https:\/\/alger16.dz\/index.php?rest_route=%2Fwp%2Fv2%2Ftags&post=60591"}],"curies":[{"name":"wp","href":"https:\/\/api.w.org\/{rel}","templated":true}]}}