{"id":60601,"date":"2026-04-27T00:54:00","date_gmt":"2026-04-27T00:54:00","guid":{"rendered":"https:\/\/alger16.dz\/?p=60601"},"modified":"2026-04-27T13:58:39","modified_gmt":"2026-04-27T13:58:39","slug":"finale-de-la-competition-inter-lycees-pour-la-saison-2025-2026-victoire-du-lycee-des-mathematiques-de-kouba","status":"publish","type":"post","link":"https:\/\/alger16.dz\/?p=60601","title":{"rendered":"Finale de la comp\u00e9tition inter-lyc\u00e9es pour la saison 2025-2026 : Victoire du lyc\u00e9e des math\u00e9matiques de Kouba"},"content":{"rendered":"\n<figure class=\"wp-block-image size-full\"><img loading=\"lazy\" decoding=\"async\" width=\"663\" height=\"373\" src=\"https:\/\/alger16.dz\/wp-content\/uploads\/2026\/04\/f80acc77981eb271d030e7fcff944d08-edited.jpg\" alt=\"\" class=\"wp-image-60603\" srcset=\"https:\/\/alger16.dz\/wp-content\/uploads\/2026\/04\/f80acc77981eb271d030e7fcff944d08-edited.jpg 663w, https:\/\/alger16.dz\/wp-content\/uploads\/2026\/04\/f80acc77981eb271d030e7fcff944d08-edited-300x169.jpg 300w\" sizes=\"auto, (max-width: 663px) 100vw, 663px\" \/><\/figure>\n\n\n\n<p>La finale de la comp\u00e9tition inter-lyc\u00e9es pour la saison 2025-2026 s\u2019est cl\u00f4tur\u00e9e par la victoire du lyc\u00e9e national des math\u00e9matiques Mohand-Mokhabi de Kouba (Alger) face \u00e0 l&rsquo;Ecole des cadets de la Nation Chahid Zemit-Hamoud de Blida. La finale de la comp\u00e9tition inter-lyc\u00e9es, organis\u00e9e \u00e0 l&rsquo;Op\u00e9ra d\u2019Alger Boualem-Bessa\u00efh, s&rsquo;est d\u00e9roul\u00e9e en pr\u00e9sence du ministre de l\u2019Education nationale, Mohammed Seghir Sa\u00e2daoui, du conseiller du pr\u00e9sident de la R\u00e9publique, charg\u00e9 de l&rsquo;\u00e9ducation, de l&rsquo;enseignement sup\u00e9rieur, de la formation professionnelle et de la culture, Nasreddine Bentifour, et du conseiller du pr\u00e9sident de la R\u00e9publique, charg\u00e9 de la Direction g\u00e9n\u00e9rale de la communication, M. Kamel Sidi Sa\u00efd, ainsi que des membres du gouvernement.<br>Dans son allocution de cl\u00f4ture, M. Sa\u00e2daoui a salu\u00e9 \u00ab\u00a0la d\u00e9termination des candidats en comp\u00e9tition et leur attachement \u00e0 remporter la victoire\u00a0\u00bb, affirmant que cette comp\u00e9tition se veut \u00ab\u00a0une \u00e9tape importante, s\u2019inscrivant dans le cadre de l\u2019engagement du pr\u00e9sident de la R\u00e9publique, M. Abdelmadjid Tebboune, visant \u00e0 faire de l\u2019\u00e9cole un espace de concurrence intellectuelle et de cr\u00e9ativit\u00e9\u00a0\u00bb.<br>Le ministre a estim\u00e9 que la relance de cette comp\u00e9tition \u00ab\u00a0refl\u00e8te les contours d\u2019une strat\u00e9gie nationale ambitieuse pour concr\u00e9tiser un mod\u00e8le \u00e9ducatif moderne, bas\u00e9 sur la qualit\u00e9, la cr\u00e9ativit\u00e9 et l\u2019ouverture, \u00e0 travers l\u2019\u00e9valuation des capacit\u00e9s des \u00e9l\u00e8ves et la valorisation de leur talent\u00a0\u00bb.<\/p>\n","protected":false},"excerpt":{"rendered":"<p>La finale de la comp\u00e9tition inter-lyc\u00e9es pour la saison 2025-2026 s\u2019est cl\u00f4tur\u00e9e par la victoire du lyc\u00e9e national des math\u00e9matiques Mohand-Mokhabi de Kouba (Alger) face \u00e0 l&rsquo;Ecole des cadets de la Nation Chahid Zemit-Hamoud de Blida. La finale de la comp\u00e9tition inter-lyc\u00e9es, organis\u00e9e \u00e0 l&rsquo;Op\u00e9ra d\u2019Alger Boualem-Bessa\u00efh, s&rsquo;est d\u00e9roul\u00e9e en [&hellip;]<\/p>\n","protected":false},"author":3,"featured_media":60603,"comment_status":"closed","ping_status":"open","sticky":false,"template":"","format":"standard","meta":{"footnotes":""},"categories":[62],"tags":[5246],"class_list":["post-60601","post","type-post","status-publish","format-standard","has-post-thumbnail","hentry","category-le-savez-vous","tag-competition-inter-lycees"],"_links":{"self":[{"href":"https:\/\/alger16.dz\/index.php?rest_route=\/wp\/v2\/posts\/60601","targetHints":{"allow":["GET"]}}],"collection":[{"href":"https:\/\/alger16.dz\/index.php?rest_route=\/wp\/v2\/posts"}],"about":[{"href":"https:\/\/alger16.dz\/index.php?rest_route=\/wp\/v2\/types\/post"}],"author":[{"embeddable":true,"href":"https:\/\/alger16.dz\/index.php?rest_route=\/wp\/v2\/users\/3"}],"replies":[{"embeddable":true,"href":"https:\/\/alger16.dz\/index.php?rest_route=%2Fwp%2Fv2%2Fcomments&post=60601"}],"version-history":[{"count":1,"href":"https:\/\/alger16.dz\/index.php?rest_route=\/wp\/v2\/posts\/60601\/revisions"}],"predecessor-version":[{"id":60604,"href":"https:\/\/alger16.dz\/index.php?rest_route=\/wp\/v2\/posts\/60601\/revisions\/60604"}],"wp:featuredmedia":[{"embeddable":true,"href":"https:\/\/alger16.dz\/index.php?rest_route=\/wp\/v2\/media\/60603"}],"wp:attachment":[{"href":"https:\/\/alger16.dz\/index.php?rest_route=%2Fwp%2Fv2%2Fmedia&parent=60601"}],"wp:term":[{"taxonomy":"category","embeddable":true,"href":"https:\/\/alger16.dz\/index.php?rest_route=%2Fwp%2Fv2%2Fcategories&post=60601"},{"taxonomy":"post_tag","embeddable":true,"href":"https:\/\/alger16.dz\/index.php?rest_route=%2Fwp%2Fv2%2Ftags&post=60601"}],"curies":[{"name":"wp","href":"https:\/\/api.w.org\/{rel}","templated":true}]}}