{"id":60605,"date":"2026-04-27T00:58:00","date_gmt":"2026-04-27T00:58:00","guid":{"rendered":"https:\/\/alger16.dz\/?p=60605"},"modified":"2026-04-27T14:00:57","modified_gmt":"2026-04-27T14:00:57","slug":"plusieurs-wilayas-concernees-la-prise-en-charge-de-la-proprete-de-lenvironnement-se-poursuit","status":"publish","type":"post","link":"https:\/\/alger16.dz\/?p=60605","title":{"rendered":"Plusieurs wilayas concern\u00e9es : La prise en charge de la propret\u00e9 de l&rsquo;environnement se poursuit"},"content":{"rendered":"\n<figure class=\"wp-block-image size-full\"><img loading=\"lazy\" decoding=\"async\" width=\"960\" height=\"539\" src=\"https:\/\/alger16.dz\/wp-content\/uploads\/2026\/04\/1-27.jpg\" alt=\"\" class=\"wp-image-60606\" srcset=\"https:\/\/alger16.dz\/wp-content\/uploads\/2026\/04\/1-27.jpg 960w, https:\/\/alger16.dz\/wp-content\/uploads\/2026\/04\/1-27-300x168.jpg 300w, https:\/\/alger16.dz\/wp-content\/uploads\/2026\/04\/1-27-768x431.jpg 768w\" sizes=\"auto, (max-width: 960px) 100vw, 960px\" \/><\/figure>\n\n\n\n<p>Les op\u00e9rations de terrain visant l\u2019am\u00e9lioration du cadre de vie et la prise en charge de la propret\u00e9 environnementale se poursuivent \u00e0 un rythme soutenu \u00e0 travers les diff\u00e9rentes wilayas du pays, avec l\u2019implication coordonn\u00e9e des services et organismes concern\u00e9s, selon un communiqu\u00e9 rendu public samedi dernier par le minist\u00e8re de l&rsquo;Int\u00e9rieur, des Collectivit\u00e9s locales et des Transports.<br>Ces interventions s\u2019inscrivent dans le cadre de la mise en \u0153uvre des orientations du ministre, Sa\u00efd Sayoud, visant \u00e0 am\u00e9liorer durablement le cadre de vie des citoyens, \u00e0 promouvoir la propret\u00e9 de l\u2019environnement et \u00e0 conf\u00e9rer aux espaces urbains une esth\u00e9tique moderne et harmonieuse.<br>Sur le terrain, de vastes op\u00e9rations de nettoyage et de r\u00e9habilitation sont engag\u00e9es dans plusieurs wilayas, mobilisant diff\u00e9rents acteurs locaux. Ces actions ciblent en priorit\u00e9 les points noirs recens\u00e9s dans les quartiers r\u00e9sidentiels, ainsi que les zones \u00e0 forte fr\u00e9quentation, notamment les abords des \u00e9tablissements publics, des mosqu\u00e9es, ainsi que les axes routiers principaux et secondaires.<br>Dans le d\u00e9tail, ces interventions englobent le ramassage des d\u00e9chets m\u00e9nagers, le balayage et le nettoyage des chauss\u00e9es, l\u2019\u00e9vacuation des terres et des r\u00e9sidus issus de travaux, ainsi que l\u2019entretien des avaloirs afin de garantir une bonne \u00e9vacuation des eaux pluviales. Elles incluent \u00e9galement l\u2019\u00e9limination des d\u00e9charges sauvages, contribuant ainsi \u00e0 r\u00e9duire les nuisances et \u00e0 pr\u00e9server la salubrit\u00e9 publique.<br>Au-del\u00e0 de ces actions op\u00e9rationnelles, les autorit\u00e9s mettent \u00e9galement l\u2019accent sur la sensibilisation des citoyens. Des campagnes sont men\u00e9es pour encourager le respect des r\u00e8gles de propret\u00e9 et lutter contre les comportements inciviques, notamment le d\u00e9p\u00f4t anarchique des d\u00e9chets.<br>Le minist\u00e8re rappelle, \u00e0 cet effet, que la pr\u00e9servation de l\u2019environnement et de la propret\u00e9 des espaces publics constitue une responsabilit\u00e9 collective, n\u00e9cessitant l\u2019engagement de tous pour garantir un cadre de vie sain et agr\u00e9able et am\u00e9liorer durablement les conditions de vie quotidienne des citoyens.<br>Derri\u00e8re la multiplication de ces op\u00e9rations, c\u2019est une ambition plus profonde qui se dessine : celle de villes o\u00f9 la propret\u00e9 ne serait plus une campagne ponctuelle, mais un r\u00e9flexe collectif et durable, ancr\u00e9 dans les comportements et les pratiques quotidiennes.<br><strong>Cheklat Meriem<\/strong><\/p>\n\n\n\n<p><\/p>\n","protected":false},"excerpt":{"rendered":"<p>Les op\u00e9rations de terrain visant l\u2019am\u00e9lioration du cadre de vie et la prise en charge de la propret\u00e9 environnementale se poursuivent \u00e0 un rythme soutenu \u00e0 travers les diff\u00e9rentes wilayas du pays, avec l\u2019implication coordonn\u00e9e des services et organismes concern\u00e9s, selon un communiqu\u00e9 rendu public samedi dernier par le minist\u00e8re [&hellip;]<\/p>\n","protected":false},"author":3,"featured_media":60606,"comment_status":"closed","ping_status":"open","sticky":false,"template":"","format":"standard","meta":{"footnotes":""},"categories":[112],"tags":[],"class_list":["post-60605","post","type-post","status-publish","format-standard","has-post-thumbnail","hentry","category-regions"],"_links":{"self":[{"href":"https:\/\/alger16.dz\/index.php?rest_route=\/wp\/v2\/posts\/60605","targetHints":{"allow":["GET"]}}],"collection":[{"href":"https:\/\/alger16.dz\/index.php?rest_route=\/wp\/v2\/posts"}],"about":[{"href":"https:\/\/alger16.dz\/index.php?rest_route=\/wp\/v2\/types\/post"}],"author":[{"embeddable":true,"href":"https:\/\/alger16.dz\/index.php?rest_route=\/wp\/v2\/users\/3"}],"replies":[{"embeddable":true,"href":"https:\/\/alger16.dz\/index.php?rest_route=%2Fwp%2Fv2%2Fcomments&post=60605"}],"version-history":[{"count":1,"href":"https:\/\/alger16.dz\/index.php?rest_route=\/wp\/v2\/posts\/60605\/revisions"}],"predecessor-version":[{"id":60607,"href":"https:\/\/alger16.dz\/index.php?rest_route=\/wp\/v2\/posts\/60605\/revisions\/60607"}],"wp:featuredmedia":[{"embeddable":true,"href":"https:\/\/alger16.dz\/index.php?rest_route=\/wp\/v2\/media\/60606"}],"wp:attachment":[{"href":"https:\/\/alger16.dz\/index.php?rest_route=%2Fwp%2Fv2%2Fmedia&parent=60605"}],"wp:term":[{"taxonomy":"category","embeddable":true,"href":"https:\/\/alger16.dz\/index.php?rest_route=%2Fwp%2Fv2%2Fcategories&post=60605"},{"taxonomy":"post_tag","embeddable":true,"href":"https:\/\/alger16.dz\/index.php?rest_route=%2Fwp%2Fv2%2Ftags&post=60605"}],"curies":[{"name":"wp","href":"https:\/\/api.w.org\/{rel}","templated":true}]}}