{"id":60611,"date":"2026-04-27T00:02:00","date_gmt":"2026-04-27T00:02:00","guid":{"rendered":"https:\/\/alger16.dz\/?p=60611"},"modified":"2026-04-27T14:08:07","modified_gmt":"2026-04-27T14:08:07","slug":"pour-soutenir-les-projets-verts-des-jeunes-lancement-de-la-plateforme-linvestisseur-environnemental","status":"publish","type":"post","link":"https:\/\/alger16.dz\/?p=60611","title":{"rendered":"Pour soutenir les projets verts des jeunes : Lancement de la plateforme \u00abL\u2019Investisseur Environnemental\u00bb"},"content":{"rendered":"\n<figure class=\"wp-block-image size-full\"><img loading=\"lazy\" decoding=\"async\" width=\"780\" height=\"470\" src=\"https:\/\/alger16.dz\/wp-content\/uploads\/2026\/04\/envir.jpg\" alt=\"\" class=\"wp-image-60612\" srcset=\"https:\/\/alger16.dz\/wp-content\/uploads\/2026\/04\/envir.jpg 780w, https:\/\/alger16.dz\/wp-content\/uploads\/2026\/04\/envir-300x181.jpg 300w, https:\/\/alger16.dz\/wp-content\/uploads\/2026\/04\/envir-768x463.jpg 768w\" sizes=\"auto, (max-width: 780px) 100vw, 780px\" \/><\/figure>\n\n\n\n<p><strong>Le minist\u00e8re de l\u2019Environnement et de la Qualit\u00e9 de la vie a lanc\u00e9, samedi dernier \u00e0 Alger, une nouvelle plateforme num\u00e9rique nationale baptis\u00e9e \u00ab\u00a0L&rsquo;investisseur environnemental\u00a0\u00bb, destin\u00e9e \u00e0 accompagner les jeunes porteurs de projets et \u00e0 faciliter la concr\u00e9tisation de leurs initiatives dans le domaine environnemental, notamment celles li\u00e9es \u00e0 l&rsquo;\u00e9conomie circulaire et \u00e0 la valorisation des d\u00e9chets.<\/strong><\/p>\n\n\n\n<p>Le lancement s\u2019est d\u00e9roul\u00e9 en pr\u00e9sence de la ministre de l\u2019Environnement et de la Qualit\u00e9 de la vie, Kaouter Krikou, du ministre de l\u2019Economie de la Connaissance, des Start-up et des Micro-entreprises, Noureddine Ouadah, ainsi que du ministre de la Jeunesse, charg\u00e9 du Conseil sup\u00e9rieur de la jeunesse, Mustapha Hidaoui, en marge d\u2019une journ\u00e9e d\u2019information plac\u00e9e sous le th\u00e8me \u00ab\u00a0La jeunesse et l&rsquo;investissement environnemental\u00a0\u00bb.<br>Pens\u00e9e comme un outil central de modernisation de l\u2019action publique dans le secteur vert, cette plateforme vise \u00e0 offrir aux jeunes un acc\u00e8s simplifi\u00e9 aux m\u00e9canismes de financement et d\u2019accompagnement des projets environnementaux. Elle permet notamment le d\u00e9p\u00f4t et le suivi des dossiers en ligne, tout en proposant des services d\u2019orientation, d\u2019assistance technique et de formation, ainsi que la facilitation des d\u00e9marches administratives li\u00e9es aux licences de collecte et de transport des d\u00e9chets recyclables.<br>Dans une logique de num\u00e9risation des services administratifs, cette initiative ambitionne \u00e9galement de r\u00e9duire les d\u00e9lais de traitement, de simplifier les proc\u00e9dures et de renforcer la transparence dans l\u2019\u00e9tude des projets soumis.<br>Dans son intervention, la ministre Kaouter Krikou a soulign\u00e9 que cette plateforme permettra de mieux structurer l\u2019acc\u00e8s \u00e0 l\u2019activit\u00e9 environnementale, tout en accompagnant les jeunes dans la concr\u00e9tisation de leurs id\u00e9es. Elle a insist\u00e9 sur le r\u00f4le de cet outil dans l\u2019atteinte des objectifs de d\u00e9veloppement durable et dans la promotion de l\u2019investissement vert comme levier \u00e9conomique \u00e9mergent.<br>De son c\u00f4t\u00e9, Noureddine Ouadah a mis en avant la n\u00e9cessit\u00e9 d\u2019une coordination intersectorielle renforc\u00e9e, rappelant que la valorisation des d\u00e9chets repr\u00e9sente aujourd\u2019hui une v\u00e9ritable opportunit\u00e9 \u00e9conomique, capable de g\u00e9n\u00e9rer de la richesse et de cr\u00e9er des emplois tout en r\u00e9duisant la d\u00e9pendance aux importations.<br>Mustapha Hidaoui a, pour sa part, estim\u00e9 que cette plateforme constitue un outil structurant pour donner aux jeunes une meilleure visibilit\u00e9 sur les opportunit\u00e9s du secteur. Selon lui, l\u2019enjeu d\u00e9passe l\u2019accompagnement technique : il s\u2019agit aussi d\u2019ancrer une culture de l\u2019initiative et de l\u2019entrepreneuriat, en passant d\u2019une logique d\u2019attente de l\u2019emploi public \u00e0 une dynamique de cr\u00e9ation de valeur.<br>Dans cette perspective, il a annonc\u00e9 l\u2019organisation prochaine d\u2019un camp d\u2019\u00e9t\u00e9 d\u00e9di\u00e9 \u00e0 l\u2019entrepreneuriat vert, r\u00e9unissant pr\u00e8s de 250 jeunes afin de favoriser la formation et l\u2019\u00e9change d\u2019exp\u00e9riences. La journ\u00e9e d\u2019information a \u00e9galement permis de mettre en lumi\u00e8re le cadre juridique de l\u2019\u00e9conomie circulaire, notamment \u00e0 travers la loi n\u00b025-02, ainsi que les dispositifs de soutien et de financement disponibles pour les porteurs de projets. Le r\u00f4le de l\u2019ANGEM et de l\u2019ANAE a \u00e9t\u00e9 rappel\u00e9, notamment dans l\u2019accompagnement des jeunes dans les activit\u00e9s de recyclage et leur int\u00e9gration dans l\u2019\u00e9conomie formelle.<br>Les travaux ont \u00e9t\u00e9 cl\u00f4tur\u00e9s par la signature de plusieurs conventions de partenariat visant \u00e0 renforcer le dispositif national de soutien \u00e0 l\u2019entrepreneuriat vert et \u00e0 structurer davantage l\u2019\u00e9cosyst\u00e8me de l\u2019innovation environnementale en Alg\u00e9rie. <br><strong>G. S. E.<\/strong><\/p>\n","protected":false},"excerpt":{"rendered":"<p>Le minist\u00e8re de l\u2019Environnement et de la Qualit\u00e9 de la vie a lanc\u00e9, samedi dernier \u00e0 Alger, une nouvelle plateforme num\u00e9rique nationale baptis\u00e9e \u00ab\u00a0L&rsquo;investisseur environnemental\u00a0\u00bb, destin\u00e9e \u00e0 accompagner les jeunes porteurs de projets et \u00e0 faciliter la concr\u00e9tisation de leurs initiatives dans le domaine environnemental, notamment celles li\u00e9es \u00e0 l&rsquo;\u00e9conomie [&hellip;]<\/p>\n","protected":false},"author":3,"featured_media":60612,"comment_status":"closed","ping_status":"open","sticky":false,"template":"","format":"standard","meta":{"footnotes":""},"categories":[53],"tags":[5247],"class_list":["post-60611","post","type-post","status-publish","format-standard","has-post-thumbnail","hentry","category-societe","tag-linvestisseur-environnemental"],"_links":{"self":[{"href":"https:\/\/alger16.dz\/index.php?rest_route=\/wp\/v2\/posts\/60611","targetHints":{"allow":["GET"]}}],"collection":[{"href":"https:\/\/alger16.dz\/index.php?rest_route=\/wp\/v2\/posts"}],"about":[{"href":"https:\/\/alger16.dz\/index.php?rest_route=\/wp\/v2\/types\/post"}],"author":[{"embeddable":true,"href":"https:\/\/alger16.dz\/index.php?rest_route=\/wp\/v2\/users\/3"}],"replies":[{"embeddable":true,"href":"https:\/\/alger16.dz\/index.php?rest_route=%2Fwp%2Fv2%2Fcomments&post=60611"}],"version-history":[{"count":1,"href":"https:\/\/alger16.dz\/index.php?rest_route=\/wp\/v2\/posts\/60611\/revisions"}],"predecessor-version":[{"id":60613,"href":"https:\/\/alger16.dz\/index.php?rest_route=\/wp\/v2\/posts\/60611\/revisions\/60613"}],"wp:featuredmedia":[{"embeddable":true,"href":"https:\/\/alger16.dz\/index.php?rest_route=\/wp\/v2\/media\/60612"}],"wp:attachment":[{"href":"https:\/\/alger16.dz\/index.php?rest_route=%2Fwp%2Fv2%2Fmedia&parent=60611"}],"wp:term":[{"taxonomy":"category","embeddable":true,"href":"https:\/\/alger16.dz\/index.php?rest_route=%2Fwp%2Fv2%2Fcategories&post=60611"},{"taxonomy":"post_tag","embeddable":true,"href":"https:\/\/alger16.dz\/index.php?rest_route=%2Fwp%2Fv2%2Ftags&post=60611"}],"curies":[{"name":"wp","href":"https:\/\/api.w.org\/{rel}","templated":true}]}}