{"id":60614,"date":"2026-04-27T00:08:00","date_gmt":"2026-04-27T00:08:00","guid":{"rendered":"https:\/\/alger16.dz\/?p=60614"},"modified":"2026-04-27T14:10:04","modified_gmt":"2026-04-27T14:10:04","slug":"depuis-la-wilaya-de-tindouf-vers-la-mauritanie-lancement-dune-operation-dexportation-de-33-cargaisons-de-divers-produits","status":"publish","type":"post","link":"https:\/\/alger16.dz\/?p=60614","title":{"rendered":"Depuis la wilaya de Tindouf vers la Mauritanie : Lancement d\u2019une op\u00e9ration d\u2019exportation de 33 cargaisons de divers produits"},"content":{"rendered":"\n<figure class=\"wp-block-image size-full\"><img loading=\"lazy\" decoding=\"async\" width=\"893\" height=\"634\" src=\"https:\/\/alger16.dz\/wp-content\/uploads\/2026\/04\/cargaison.jpg\" alt=\"\" class=\"wp-image-60615\" srcset=\"https:\/\/alger16.dz\/wp-content\/uploads\/2026\/04\/cargaison.jpg 893w, https:\/\/alger16.dz\/wp-content\/uploads\/2026\/04\/cargaison-300x213.jpg 300w, https:\/\/alger16.dz\/wp-content\/uploads\/2026\/04\/cargaison-768x545.jpg 768w\" sizes=\"auto, (max-width: 893px) 100vw, 893px\" \/><\/figure>\n\n\n\n<p>Une nouvelle \u00e9tape s\u2019ouvre pour le commerce ext\u00e9rieur alg\u00e9rien avec le lancement, vendredi dernier \u00e0 Tindouf, d\u2019une op\u00e9ration d\u2019exportation de 33 cargaisons de produits nationaux \u00e0 destination de la Mauritanie.<br>Cette initiative a \u00e9t\u00e9 supervis\u00e9e par Abdeslam Djahnit, gestionnaire du secr\u00e9tariat g\u00e9n\u00e9ral du minist\u00e8re du Commerce et repr\u00e9sentant du ministre Kamel Rezig, en pr\u00e9sence du wali de Tindouf, Mustapha Dahou, ainsi que de plusieurs responsables gouvernementaux et repr\u00e9sentants de d\u00e9partements minist\u00e9riels. Plusieurs diplomates africains \u00e9taient \u00e9galement pr\u00e9sents, dont les ambassadeurs du Niger, de la C\u00f4te d\u2019Ivoire, de la Guin\u00e9e, de la Sierra-Leone et du Burkina Faso, ainsi que des repr\u00e9sentants des ambassades de la Guin\u00e9e-Bissau, du S\u00e9n\u00e9gal, du Nigeria, de la Mauritanie et du Ghana, en plus de membres du Parlement. Cette op\u00e9ration regroupe une large gamme de produits alg\u00e9riens : mat\u00e9riaux de construction, denr\u00e9es alimentaires, dattes, produits plastiques et \u00e9quipements \u00e9lectrom\u00e9nagers. Dix op\u00e9rateurs \u00e9conomiques participent \u00e0 cette d\u00e9marche, qui illustre la mont\u00e9e en puissance progressive des capacit\u00e9s nationales d\u2019exportation et la volont\u00e9 de positionner davantage le produit alg\u00e9rien sur les march\u00e9s africains.<br>Selon les autorit\u00e9s du secteur, cette dynamique s\u2019inscrit dans la strat\u00e9gie de diversification des exportations hors hydrocarbures, avec un accent particulier sur le renforcement des \u00e9changes commerciaux avec les pays voisins via les corridors frontaliers, consid\u00e9r\u00e9s comme un levier strat\u00e9gique pour l\u2019int\u00e9gration \u00e9conomique r\u00e9gionale.<br>Dans la continuit\u00e9 de cette op\u00e9ration, une foire d\u00e9di\u00e9e aux produits alg\u00e9riens exportables a \u00e9galement \u00e9t\u00e9 inaugur\u00e9e \u00e0 Tindouf sous le th\u00e8me : \u00ab Tindouf, porte d\u2019exportation vers les pays d\u2019Afrique de l\u2019Ouest \u00bb. L\u2019\u00e9v\u00e9nement, qui se poursuivra jusqu\u2019au 27 avril, r\u00e9unit 104 entreprises actives dans les secteurs de la production et des services, ainsi que 45 structures artisanales.<br>Cette manifestation vise \u00e0 mettre en lumi\u00e8re le potentiel productif national et \u00e0 renforcer la visibilit\u00e9 des produits alg\u00e9riens sur les march\u00e9s africains dans une logique d\u2019ouverture \u00e9conomique progressive et structur\u00e9e vers le continent.<br><strong>Abir Menasria<\/strong><\/p>\n","protected":false},"excerpt":{"rendered":"<p>Une nouvelle \u00e9tape s\u2019ouvre pour le commerce ext\u00e9rieur alg\u00e9rien avec le lancement, vendredi dernier \u00e0 Tindouf, d\u2019une op\u00e9ration d\u2019exportation de 33 cargaisons de produits nationaux \u00e0 destination de la Mauritanie.Cette initiative a \u00e9t\u00e9 supervis\u00e9e par Abdeslam Djahnit, gestionnaire du secr\u00e9tariat g\u00e9n\u00e9ral du minist\u00e8re du Commerce et repr\u00e9sentant du ministre Kamel [&hellip;]<\/p>\n","protected":false},"author":3,"featured_media":60615,"comment_status":"closed","ping_status":"open","sticky":false,"template":"","format":"standard","meta":{"footnotes":""},"categories":[63],"tags":[4505,923],"class_list":["post-60614","post","type-post","status-publish","format-standard","has-post-thumbnail","hentry","category-economie","tag-export","tag-mauritanie"],"_links":{"self":[{"href":"https:\/\/alger16.dz\/index.php?rest_route=\/wp\/v2\/posts\/60614","targetHints":{"allow":["GET"]}}],"collection":[{"href":"https:\/\/alger16.dz\/index.php?rest_route=\/wp\/v2\/posts"}],"about":[{"href":"https:\/\/alger16.dz\/index.php?rest_route=\/wp\/v2\/types\/post"}],"author":[{"embeddable":true,"href":"https:\/\/alger16.dz\/index.php?rest_route=\/wp\/v2\/users\/3"}],"replies":[{"embeddable":true,"href":"https:\/\/alger16.dz\/index.php?rest_route=%2Fwp%2Fv2%2Fcomments&post=60614"}],"version-history":[{"count":1,"href":"https:\/\/alger16.dz\/index.php?rest_route=\/wp\/v2\/posts\/60614\/revisions"}],"predecessor-version":[{"id":60616,"href":"https:\/\/alger16.dz\/index.php?rest_route=\/wp\/v2\/posts\/60614\/revisions\/60616"}],"wp:featuredmedia":[{"embeddable":true,"href":"https:\/\/alger16.dz\/index.php?rest_route=\/wp\/v2\/media\/60615"}],"wp:attachment":[{"href":"https:\/\/alger16.dz\/index.php?rest_route=%2Fwp%2Fv2%2Fmedia&parent=60614"}],"wp:term":[{"taxonomy":"category","embeddable":true,"href":"https:\/\/alger16.dz\/index.php?rest_route=%2Fwp%2Fv2%2Fcategories&post=60614"},{"taxonomy":"post_tag","embeddable":true,"href":"https:\/\/alger16.dz\/index.php?rest_route=%2Fwp%2Fv2%2Ftags&post=60614"}],"curies":[{"name":"wp","href":"https:\/\/api.w.org\/{rel}","templated":true}]}}