{"id":60617,"date":"2026-04-27T00:10:00","date_gmt":"2026-04-27T00:10:00","guid":{"rendered":"https:\/\/alger16.dz\/?p=60617"},"modified":"2026-04-27T14:33:02","modified_gmt":"2026-04-27T14:33:02","slug":"salon-des-produits-et-services-algeriens-destines-a-lexportation-le-produit-algerien-vise-lafrique-de-louest","status":"publish","type":"post","link":"https:\/\/alger16.dz\/?p=60617","title":{"rendered":"Salon des produits et services alg\u00e9riens destin\u00e9s \u00e0 l\u2019exportation : Le produit alg\u00e9rien vise l\u2019Afrique de l\u2019Ouest"},"content":{"rendered":"\n<figure class=\"wp-block-image size-full\"><img loading=\"lazy\" decoding=\"async\" width=\"831\" height=\"627\" src=\"https:\/\/alger16.dz\/wp-content\/uploads\/2026\/04\/salon.jpg\" alt=\"\" class=\"wp-image-60618\" srcset=\"https:\/\/alger16.dz\/wp-content\/uploads\/2026\/04\/salon.jpg 831w, https:\/\/alger16.dz\/wp-content\/uploads\/2026\/04\/salon-300x226.jpg 300w, https:\/\/alger16.dz\/wp-content\/uploads\/2026\/04\/salon-768x579.jpg 768w\" sizes=\"auto, (max-width: 831px) 100vw, 831px\" \/><\/figure>\n\n\n\n<p><strong>Le Salon des produits et services alg\u00e9riens destin\u00e9s \u00e0 l\u2019exportation a \u00e9t\u00e9 inaugur\u00e9 vendredi dernier dans la wilaya de Tindouf, sous le th\u00e8me \u00abTindouf, porte de l\u2019exportation vers les pays d\u2019Afrique de l\u2019Ouest \u00bb, dans un contexte marqu\u00e9 par la volont\u00e9 de renforcer la pr\u00e9sence du produit alg\u00e9rien sur les march\u00e9s africains.<\/strong><\/p>\n\n\n\n<p>L\u2019\u00e9v\u00e9nement a \u00e9t\u00e9 ouvert par le secr\u00e9taire g\u00e9n\u00e9ral du minist\u00e8re du Commerce ext\u00e9rieur et de la Promotion des exportations, Abdesslam Djahnit, en pr\u00e9sence du responsable des dispositifs d\u2019appui \u00e0 l\u2019exportation, Abdelatif El-Houari, qui a soulign\u00e9 que cette manifestation constitue un point de rencontre \u00e9conomique strat\u00e9gique illustrant l\u2019orientation de l\u2019Alg\u00e9rie vers la diversification de ses exportations hors hydrocarbures.<br>Selon lui, ce salon offre de nouvelles opportunit\u00e9s aux entreprises nationales souhaitant s\u2019implanter sur les march\u00e9s africains, en particulier en Afrique de l\u2019Ouest, consid\u00e9r\u00e9e comme une zone prioritaire dans la strat\u00e9gie d\u2019expansion commerciale du pays.<br>Cette \u00e9dition rassemble 104 entreprises alg\u00e9riennes actives dans les secteurs de la production et des services, ainsi que 45 entreprises artisanales, avec pour objectif de mettre en valeur les capacit\u00e9s nationales et de promouvoir des produits \u00e0 fort potentiel d\u2019exportation.<br>La dimension internationale de l\u2019\u00e9v\u00e9nement est renforc\u00e9e par la pr\u00e9sence de repr\u00e9sentants diplomatiques de plusieurs pays africains, notamment le Burkina Faso, le Niger, la Sierra Leone, la Guin\u00e9e, la C\u00f4te d\u2019Ivoire et la Mauritanie, ainsi que des d\u00e9l\u00e9gu\u00e9s du Nigeria, du S\u00e9n\u00e9gal et du Ghana, illustrant un int\u00e9r\u00eat croissant pour le renforcement des relations \u00e9conomiques avec l\u2019Alg\u00e9rie.<br>Le salon accueille \u00e9galement des entreprises publiques et priv\u00e9es op\u00e9rant dans des secteurs vari\u00e9s tels que l\u2019agroalimentaire, les mat\u00e9riaux de construction, les industries de transformation, les \u00e9nergies renouvelables et les services logistiques, avec des produits conformes aux standards internationaux et orient\u00e9s vers les march\u00e9s ext\u00e9rieurs.<br>Au-del\u00e0 de la simple exposition commerciale, l\u2019\u00e9v\u00e9nement se veut une plateforme d\u2019\u00e9changes, \u00e0 travers des rencontres B2B et des ateliers sp\u00e9cialis\u00e9s consacr\u00e9s aux opportunit\u00e9s d\u2019investissement, aux m\u00e9canismes de soutien \u00e0 l\u2019exportation et aux perspectives de coop\u00e9ration \u00e9conomique entre op\u00e9rateurs alg\u00e9riens et africains.<br>Dans cette dynamique, les organisateurs ambitionnent de faire de ce salon un rendez-vous annuel structurant, capable de positionner durablement Tindouf comme un hub commercial et logistique reliant l\u2019Alg\u00e9rie \u00e0 son environnement africain, en s\u2019appuyant sur ses avantages g\u00e9ostrat\u00e9giques.<br>En marge de l\u2019inauguration, une visite a \u00e9t\u00e9 effectu\u00e9e au poste frontalier alg\u00e9ro-mauritanien Mustapha-Ben-Boula\u00efd, ainsi qu\u2019\u00e0 la zone de libre-\u00e9change, illustrant la volont\u00e9 d\u2019ancrer concr\u00e8tement cette strat\u00e9gie d\u2019ouverture r\u00e9gionale.<br>Le salon se poursuivra jusqu&rsquo;\u00e0 demain soir dans un contexte o\u00f9 l\u2019Alg\u00e9rie cherche \u00e0 acc\u00e9l\u00e9rer sa diversification \u00e9conomique et \u00e0 renforcer son positionnement comme passerelle commerciale vers le continent africain.<br>Derri\u00e8re les stands et les rencontres \u00e9conomiques, c\u2019est une ambition plus large qui se dessine, celle de faire de l\u2019exportation hors hydrocarbures non plus un objectif affich\u00e9, mais un levier structurant de l\u2019int\u00e9gration \u00e9conomique de l\u2019Alg\u00e9rie en Afrique.<br><strong>Amira Benhizia<\/strong><\/p>\n","protected":false},"excerpt":{"rendered":"<p>Le Salon des produits et services alg\u00e9riens destin\u00e9s \u00e0 l\u2019exportation a \u00e9t\u00e9 inaugur\u00e9 vendredi dernier dans la wilaya de Tindouf, sous le th\u00e8me \u00abTindouf, porte de l\u2019exportation vers les pays d\u2019Afrique de l\u2019Ouest \u00bb, dans un contexte marqu\u00e9 par la volont\u00e9 de renforcer la pr\u00e9sence du produit alg\u00e9rien sur les [&hellip;]<\/p>\n","protected":false},"author":3,"featured_media":60618,"comment_status":"closed","ping_status":"open","sticky":false,"template":"","format":"standard","meta":{"footnotes":""},"categories":[112],"tags":[1674],"class_list":["post-60617","post","type-post","status-publish","format-standard","has-post-thumbnail","hentry","category-regions","tag-tindouf"],"_links":{"self":[{"href":"https:\/\/alger16.dz\/index.php?rest_route=\/wp\/v2\/posts\/60617","targetHints":{"allow":["GET"]}}],"collection":[{"href":"https:\/\/alger16.dz\/index.php?rest_route=\/wp\/v2\/posts"}],"about":[{"href":"https:\/\/alger16.dz\/index.php?rest_route=\/wp\/v2\/types\/post"}],"author":[{"embeddable":true,"href":"https:\/\/alger16.dz\/index.php?rest_route=\/wp\/v2\/users\/3"}],"replies":[{"embeddable":true,"href":"https:\/\/alger16.dz\/index.php?rest_route=%2Fwp%2Fv2%2Fcomments&post=60617"}],"version-history":[{"count":1,"href":"https:\/\/alger16.dz\/index.php?rest_route=\/wp\/v2\/posts\/60617\/revisions"}],"predecessor-version":[{"id":60619,"href":"https:\/\/alger16.dz\/index.php?rest_route=\/wp\/v2\/posts\/60617\/revisions\/60619"}],"wp:featuredmedia":[{"embeddable":true,"href":"https:\/\/alger16.dz\/index.php?rest_route=\/wp\/v2\/media\/60618"}],"wp:attachment":[{"href":"https:\/\/alger16.dz\/index.php?rest_route=%2Fwp%2Fv2%2Fmedia&parent=60617"}],"wp:term":[{"taxonomy":"category","embeddable":true,"href":"https:\/\/alger16.dz\/index.php?rest_route=%2Fwp%2Fv2%2Fcategories&post=60617"},{"taxonomy":"post_tag","embeddable":true,"href":"https:\/\/alger16.dz\/index.php?rest_route=%2Fwp%2Fv2%2Ftags&post=60617"}],"curies":[{"name":"wp","href":"https:\/\/api.w.org\/{rel}","templated":true}]}}