{"id":60623,"date":"2026-04-27T00:35:00","date_gmt":"2026-04-27T00:35:00","guid":{"rendered":"https:\/\/alger16.dz\/?p=60623"},"modified":"2026-04-27T14:44:51","modified_gmt":"2026-04-27T14:44:51","slug":"colloque-sur-la-dimension-africaine-dans-la-production-culturelle-algerienne-construire-la-conscience-et-raffermir-les-liens-humains","status":"publish","type":"post","link":"https:\/\/alger16.dz\/?p=60623","title":{"rendered":"Colloque sur la dimension africaine dans la production culturelle alg\u00e9rienne : Construire la conscience et raffermir les liens humains"},"content":{"rendered":"\n<figure class=\"wp-block-image size-large\"><img loading=\"lazy\" decoding=\"async\" width=\"1024\" height=\"683\" src=\"https:\/\/alger16.dz\/wp-content\/uploads\/2026\/04\/image-223-1024x683.png\" alt=\"\" class=\"wp-image-60624\" srcset=\"https:\/\/alger16.dz\/wp-content\/uploads\/2026\/04\/image-223-1024x683.png 1024w, https:\/\/alger16.dz\/wp-content\/uploads\/2026\/04\/image-223-300x200.png 300w, https:\/\/alger16.dz\/wp-content\/uploads\/2026\/04\/image-223-768x512.png 768w, https:\/\/alger16.dz\/wp-content\/uploads\/2026\/04\/image-223.png 1080w\" sizes=\"auto, (max-width: 1024px) 100vw, 1024px\" \/><\/figure>\n\n\n\n<p>La Fondation internationale pour la jeunesse et l\u2019enfance a organis\u00e9, samedi dernier \u00e0 Alger, un colloque national consacr\u00e9 \u00e0 la place de la dimension africaine dans la culture alg\u00e9rienne, \u00e0 travers les productions litt\u00e9raires, les \u00e9crits intellectuels et les expressions artistiques engag\u00e9es.<br>Accueillie au Palais de la culture Moufdi-Zakaria, cette rencontre a r\u00e9uni universitaires, chercheurs et acteurs culturels autour d\u2019une r\u00e9flexion approfondie sur les racines africaines de l\u2019identit\u00e9 culturelle nationale et leur manifestation dans les diff\u00e9rentes formes de cr\u00e9ation. Dans son allocution d\u2019ouverture, le pr\u00e9sident de la Fondation, Ishak Ibn Kayem Kenouna, a mis en avant le r\u00f4le central de la communication culturelle, qu\u2019il a qualifi\u00e9e de levier essentiel dans la construction des consciences et le renforcement des liens humains.<br>Il a soulign\u00e9 que cette initiative s\u2019inscrit dans une vision strat\u00e9gique visant \u00e0 faire de la culture un socle de dialogue et de rapprochement entre les jeunes \u00e9lites africaines. Insistant sur la profondeur des racines africaines de l\u2019Alg\u00e9rie, M. Kenouna a rappel\u00e9 que la cr\u00e9ativit\u00e9 culturelle nationale, qu\u2019elle s\u2019exprime \u00e0 travers la litt\u00e9rature, le th\u00e9\u00e2tre ou encore les \u00e9crits engag\u00e9s, t\u00e9moigne d\u2019une appartenance historique et civilisationnelle au continent africain. Selon lui, l\u2019art et la litt\u00e9rature constituent de v\u00e9ritables passerelles favorisant le dialogue et la compr\u00e9hension entre les peuples du continent. De son c\u00f4t\u00e9, le pr\u00e9sident du Haut-Conseil de la langue arabe, Salah Belaid, a \u00e9galement mis en exergue cette dimension africaine, qu\u2019il consid\u00e8re comme une composante structurante de la culture alg\u00e9rienne. Il a soulign\u00e9 que cette dimension se manifeste dans de nombreux champs de production intellectuelle et scientifique, tout en rappelant le r\u00f4le historique de l\u2019Alg\u00e9rie dans la consolidation des liens culturels et civilisationnels \u00e0 l\u2019\u00e9chelle africaine.<br>\u00c9voquant la place des jeunes \u00e9lites, M. Belaid a insist\u00e9 sur leur r\u00f4le d\u00e9terminant dans la dynamique de d\u00e9veloppement intellectuel et \u00e9conomique du continent, les qualifiant de pilier incontournable pour b\u00e2tir l\u2019avenir et renforcer le rayonnement de l\u2019Afrique sur la sc\u00e8ne internationale. Il a, par ailleurs, mis l\u2019accent sur l\u2019importance de l\u2019identit\u00e9 linguistique et de la valorisation de la diversit\u00e9 culturelle africaine \u00e0 l\u2019\u00e9chelle mondiale, appelant \u00e0 une mobilisation accrue en faveur de la cr\u00e9ativit\u00e9 et de la production intellectuelle. Il a \u00e9galement soulign\u00e9 la responsabilit\u00e9 historique qui incombe aux nouvelles g\u00e9n\u00e9rations pour prolonger l\u2019h\u00e9ritage des pr\u00e9d\u00e9cesseurs et porter la voix culturelle africaine dans les grandes manifestations internationales.<br>Les travaux du colloque ont \u00e9t\u00e9 marqu\u00e9s par plusieurs interventions explorant les multiples facettes de l\u2019identit\u00e9 alg\u00e9rienne et ses liens \u00e9troits avec son environnement africain. Parmi les th\u00e9matiques abord\u00e9es figuraient notamment l\u2019\u00e9criture coloniale et les expressions de la dimension africaine dans le discours litt\u00e9raire alg\u00e9rien, ainsi que le r\u00f4le des \u00e9lites culturelles dans la consolidation de l\u2019unit\u00e9 nationale et le partage de valeurs communes avec les pays africains. Organis\u00e9 sous le patronage du minist\u00e8re de la Culture et des Arts, ce colloque ambitionne de mettre en lumi\u00e8re l\u2019influence culturelle et spirituelle de l\u2019Alg\u00e9rie dans son espace africain \u00e9largi, tout en encourageant une r\u00e9flexion collective sur les perspectives de coop\u00e9ration culturelle \u00e0 l\u2019\u00e9chelle continentale.<br><strong>Cheklat Meriem<\/strong><\/p>\n","protected":false},"excerpt":{"rendered":"<p>La Fondation internationale pour la jeunesse et l\u2019enfance a organis\u00e9, samedi dernier \u00e0 Alger, un colloque national consacr\u00e9 \u00e0 la place de la dimension africaine dans la culture alg\u00e9rienne, \u00e0 travers les productions litt\u00e9raires, les \u00e9crits intellectuels et les expressions artistiques engag\u00e9es.Accueillie au Palais de la culture Moufdi-Zakaria, cette rencontre [&hellip;]<\/p>\n","protected":false},"author":3,"featured_media":60624,"comment_status":"closed","ping_status":"open","sticky":false,"template":"","format":"standard","meta":{"footnotes":""},"categories":[40],"tags":[],"class_list":["post-60623","post","type-post","status-publish","format-standard","has-post-thumbnail","hentry","category-culture"],"_links":{"self":[{"href":"https:\/\/alger16.dz\/index.php?rest_route=\/wp\/v2\/posts\/60623","targetHints":{"allow":["GET"]}}],"collection":[{"href":"https:\/\/alger16.dz\/index.php?rest_route=\/wp\/v2\/posts"}],"about":[{"href":"https:\/\/alger16.dz\/index.php?rest_route=\/wp\/v2\/types\/post"}],"author":[{"embeddable":true,"href":"https:\/\/alger16.dz\/index.php?rest_route=\/wp\/v2\/users\/3"}],"replies":[{"embeddable":true,"href":"https:\/\/alger16.dz\/index.php?rest_route=%2Fwp%2Fv2%2Fcomments&post=60623"}],"version-history":[{"count":1,"href":"https:\/\/alger16.dz\/index.php?rest_route=\/wp\/v2\/posts\/60623\/revisions"}],"predecessor-version":[{"id":60625,"href":"https:\/\/alger16.dz\/index.php?rest_route=\/wp\/v2\/posts\/60623\/revisions\/60625"}],"wp:featuredmedia":[{"embeddable":true,"href":"https:\/\/alger16.dz\/index.php?rest_route=\/wp\/v2\/media\/60624"}],"wp:attachment":[{"href":"https:\/\/alger16.dz\/index.php?rest_route=%2Fwp%2Fv2%2Fmedia&parent=60623"}],"wp:term":[{"taxonomy":"category","embeddable":true,"href":"https:\/\/alger16.dz\/index.php?rest_route=%2Fwp%2Fv2%2Fcategories&post=60623"},{"taxonomy":"post_tag","embeddable":true,"href":"https:\/\/alger16.dz\/index.php?rest_route=%2Fwp%2Fv2%2Ftags&post=60623"}],"curies":[{"name":"wp","href":"https:\/\/api.w.org\/{rel}","templated":true}]}}