{"id":60639,"date":"2026-04-27T19:14:00","date_gmt":"2026-04-27T19:14:00","guid":{"rendered":"https:\/\/alger16.dz\/?p=60639"},"modified":"2026-04-28T13:00:05","modified_gmt":"2026-04-28T13:00:05","slug":"le-president-de-la-republique-preside-une-reunion-de-travail-consacree-au-secteur-du-commerce-a-la-protection-de-la-production-nationale-et-a-la-regulation-de-limportation","status":"publish","type":"post","link":"https:\/\/alger16.dz\/?p=60639","title":{"rendered":"Le pr\u00e9sident de la R\u00e9publique pr\u00e9side une r\u00e9union de travail consacr\u00e9e au secteur du commerce, \u00e0 la protection de la production nationale et \u00e0 la r\u00e9gulation de l&rsquo;importation"},"content":{"rendered":"\n<figure class=\"wp-block-image size-large\"><img loading=\"lazy\" decoding=\"async\" width=\"1024\" height=\"892\" src=\"https:\/\/alger16.dz\/wp-content\/uploads\/2026\/04\/image-226-1024x892.png\" alt=\"\" class=\"wp-image-60641\" srcset=\"https:\/\/alger16.dz\/wp-content\/uploads\/2026\/04\/image-226-1024x892.png 1024w, https:\/\/alger16.dz\/wp-content\/uploads\/2026\/04\/image-226-300x261.png 300w, https:\/\/alger16.dz\/wp-content\/uploads\/2026\/04\/image-226-768x669.png 768w, https:\/\/alger16.dz\/wp-content\/uploads\/2026\/04\/image-226.png 1080w\" sizes=\"auto, (max-width: 1024px) 100vw, 1024px\" \/><\/figure>\n\n\n\n<p><strong>Le pr\u00e9sident de la R\u00e9publique, M. Abdelmadjid Tebboune, a pr\u00e9sid\u00e9, lundi, une r\u00e9union de travail consacr\u00e9e au secteur du commerce, \u00e0 la protection de la production nationale et \u00e0 la r\u00e9gulation de l&rsquo;importation, notamment en ce qui a trait \u00e0 la lutte contre le ph\u00e9nom\u00e8ne de r\u00e9exportation de produits import\u00e9s, a indiqu\u00e9 un communiqu\u00e9 de la pr\u00e9sidence de la R\u00e9publique.<\/strong><\/p>\n\n\n\n<p>Il a \u00e9galement \u00e9t\u00e9 d\u00e9cid\u00e9, lors de cette r\u00e9union, \u00ab\u00a0la cr\u00e9ation de la carte de l&rsquo;exportateur et de l&rsquo;importateur, laquelle contiendra l&rsquo;ensemble des donn\u00e9es relatives \u00e0 son d\u00e9tendeur\u00a0\u00bb, ajoute le communiqu\u00e9.<\/p>\n","protected":false},"excerpt":{"rendered":"<p>Le pr\u00e9sident de la R\u00e9publique, M. Abdelmadjid Tebboune, a pr\u00e9sid\u00e9, lundi, une r\u00e9union de travail consacr\u00e9e au secteur du commerce, \u00e0 la protection de la production nationale et \u00e0 la r\u00e9gulation de l&rsquo;importation, notamment en ce qui a trait \u00e0 la lutte contre le ph\u00e9nom\u00e8ne de r\u00e9exportation de produits import\u00e9s, [&hellip;]<\/p>\n","protected":false},"author":3,"featured_media":60641,"comment_status":"closed","ping_status":"open","sticky":false,"template":"","format":"standard","meta":{"footnotes":""},"categories":[236,36],"tags":[228],"class_list":["post-60639","post","type-post","status-publish","format-standard","has-post-thumbnail","hentry","category-a-la-une","category-actualites","tag-abdelmadjid-tebboune"],"_links":{"self":[{"href":"https:\/\/alger16.dz\/index.php?rest_route=\/wp\/v2\/posts\/60639","targetHints":{"allow":["GET"]}}],"collection":[{"href":"https:\/\/alger16.dz\/index.php?rest_route=\/wp\/v2\/posts"}],"about":[{"href":"https:\/\/alger16.dz\/index.php?rest_route=\/wp\/v2\/types\/post"}],"author":[{"embeddable":true,"href":"https:\/\/alger16.dz\/index.php?rest_route=\/wp\/v2\/users\/3"}],"replies":[{"embeddable":true,"href":"https:\/\/alger16.dz\/index.php?rest_route=%2Fwp%2Fv2%2Fcomments&post=60639"}],"version-history":[{"count":1,"href":"https:\/\/alger16.dz\/index.php?rest_route=\/wp\/v2\/posts\/60639\/revisions"}],"predecessor-version":[{"id":60642,"href":"https:\/\/alger16.dz\/index.php?rest_route=\/wp\/v2\/posts\/60639\/revisions\/60642"}],"wp:featuredmedia":[{"embeddable":true,"href":"https:\/\/alger16.dz\/index.php?rest_route=\/wp\/v2\/media\/60641"}],"wp:attachment":[{"href":"https:\/\/alger16.dz\/index.php?rest_route=%2Fwp%2Fv2%2Fmedia&parent=60639"}],"wp:term":[{"taxonomy":"category","embeddable":true,"href":"https:\/\/alger16.dz\/index.php?rest_route=%2Fwp%2Fv2%2Fcategories&post=60639"},{"taxonomy":"post_tag","embeddable":true,"href":"https:\/\/alger16.dz\/index.php?rest_route=%2Fwp%2Fv2%2Ftags&post=60639"}],"curies":[{"name":"wp","href":"https:\/\/api.w.org\/{rel}","templated":true}]}}