{"id":60643,"date":"2026-04-28T12:15:00","date_gmt":"2026-04-28T12:15:00","guid":{"rendered":"https:\/\/alger16.dz\/?p=60643"},"modified":"2026-04-28T13:01:37","modified_gmt":"2026-04-28T13:01:37","slug":"le-general-darmee-said-chanegriha-recoit-le-commandant-de-lafricom","status":"publish","type":"post","link":"https:\/\/alger16.dz\/?p=60643","title":{"rendered":"Le G\u00e9n\u00e9ral d&rsquo;Arm\u00e9e Sa\u00efd Chanegriha re\u00e7oit le commandant de l\u2019AFRICOM"},"content":{"rendered":"\n<figure class=\"wp-block-image size-full\"><img loading=\"lazy\" decoding=\"async\" width=\"900\" height=\"675\" src=\"https:\/\/alger16.dz\/wp-content\/uploads\/2026\/04\/image-227.png\" alt=\"\" class=\"wp-image-60644\" srcset=\"https:\/\/alger16.dz\/wp-content\/uploads\/2026\/04\/image-227.png 900w, https:\/\/alger16.dz\/wp-content\/uploads\/2026\/04\/image-227-300x225.png 300w, https:\/\/alger16.dz\/wp-content\/uploads\/2026\/04\/image-227-768x576.png 768w\" sizes=\"auto, (max-width: 900px) 100vw, 900px\" \/><\/figure>\n\n\n\n<p><strong>Le G\u00e9n\u00e9ral d&rsquo;Arm\u00e9e Sa\u00efd Chanegriha, ministre d\u00e9l\u00e9gu\u00e9 aupr\u00e8s du ministre de la D\u00e9fense nationale et chef d&rsquo;\u00e9tat-major de l&rsquo;Arm\u00e9e nationale populaire, a re\u00e7u ce mardi 28 avril 2026, au si\u00e8ge de l&rsquo;\u00e9tat-major de l&rsquo;Arm\u00e9e nationale populaire, le commandant du Commandement des forces am\u00e9ricaines pour l&rsquo;Afrique (AFRICOM), le g\u00e9n\u00e9ral Dagvin Anderson.<\/strong><\/p>\n\n\n\n<p>La c\u00e9r\u00e9monie d&rsquo;accueil a d\u00e9but\u00e9 par le salut au drapeau national et la pr\u00e9sentation des honneurs militaires au g\u00e9n\u00e9ral de corps d&rsquo;arm\u00e9e Dagvin Anderson par des formations issues des diff\u00e9rentes forces de l&rsquo;Arm\u00e9e nationale populaire.<\/p>\n\n\n\n<p>Au cours de cette rencontre, \u00e0 laquelle ont assist\u00e9 le commandant des forces terrestres, le secr\u00e9taire g\u00e9n\u00e9ral du minist\u00e8re de la D\u00e9fense nationale, les commandants des forces arm\u00e9es, la Garde r\u00e9publicaine, le chef de cabinet du minist\u00e8re de la D\u00e9fense nationale, les chefs de service, le contr\u00f4leur g\u00e9n\u00e9ral de l&rsquo;arm\u00e9e, des directeurs centraux du minist\u00e8re de la D\u00e9fense nationale et l&rsquo;\u00e9tat-major de l&rsquo;Arm\u00e9e populaire nationale, ainsi que les membres de la d\u00e9l\u00e9gation am\u00e9ricaine, les deux parties ont men\u00e9 des entretiens portant sur l&rsquo;\u00e9tat de la coop\u00e9ration militaire entre les deux pays et ont \u00e9chang\u00e9 leurs analyses et leurs points de vue sur des questions d&rsquo;int\u00e9r\u00eat commun.<\/p>\n\n\n\n<p>Par la suite, le G\u00e9n\u00e9ral d&rsquo;Arm\u00e9e a prononc\u00e9 un discours dans lequel il a tout d&rsquo;abord souhait\u00e9 la bienvenue au commandant de l&rsquo;AFRICOM et \u00e0 la d\u00e9l\u00e9gation qui l&rsquo;accompagnait, soulignant que cette visite constituerait sans aucun doute un nouveau jalon dans le renforcement de la coop\u00e9ration bilat\u00e9rale.<\/p>\n\n\n\n<p>\u00ab Tout d\u2019abord, j\u2019ai le plaisir de vous accueillir, ainsi que la d\u00e9l\u00e9gation qui vous accompagne, au si\u00e8ge de l\u2019\u00e9tat-major de l\u2019Arm\u00e9e nationale populaire, \u00e0 l\u2019occasion de votre visite en Alg\u00e9rie, qui constituera sans aucun doute un nouveau jalon dans le renforcement de notre coop\u00e9ration bilat\u00e9rale, notamment apr\u00e8s la signature, en janvier 2025, d\u2019un protocole d\u2019accord dans le domaine de la coop\u00e9ration militaire.<\/p>\n\n\n\n<p>Dans ce contexte, nos deux pays s\u2019efforcent, dans le prolongement de notre dialogue strat\u00e9gique, de renforcer notre coop\u00e9ration militaire, notamment en concr\u00e9tisant les dispositions de ce protocole d\u2019accord et en r\u00e9alisant ses objectifs, afin de jeter les bases d\u2019un partenariat solide et durable, fond\u00e9 sur le respect mutuel et servant les int\u00e9r\u00eats des deux pays.\u00bb<\/p>\n\n\n\n<p>Le G\u00e9n\u00e9ral d&rsquo;Arm\u00e9e a affirm\u00e9 que l&rsquo;Alg\u00e9rie, \u00e0 la demande de l&rsquo;Union africaine, continue d&rsquo;\u0153uvrer au renforcement des m\u00e9canismes de l&rsquo;initiative continentale commune visant \u00e0 unir les efforts pour \u00e9radiquer le terrorisme et l&rsquo;extr\u00e9misme violent sous toutes leurs formes.<\/p>\n\n\n\n<p>\u00ab L&rsquo;Alg\u00e9rie, mandat\u00e9e par l&rsquo;Union africaine, continue d&rsquo;\u0153uvrer au renforcement des m\u00e9canismes de l&rsquo;initiative continentale commune visant \u00e0 unir les efforts pour \u00e9radiquer le terrorisme et l&rsquo;extr\u00e9misme violent \u00e0 tous les niveaux. \u00bb<\/p>\n\n\n\n<p>Gr\u00e2ce \u00e0 ce r\u00f4le actif et efficace, l&rsquo;Alg\u00e9rie a \u00e9galement pu lancer de nombreuses initiatives \u00e0 l&rsquo;\u00e9chelle du continent dans le cadre d&rsquo;une approche s\u00e9curitaire multidimensionnelle de la lutte contre le terrorisme, qui repose essentiellement sur la mise en place d&rsquo;un fonds financier africain d\u00e9di\u00e9 \u00e0 cette fin, \u00e0 l&rsquo;\u00e9tablissement d&rsquo;une liste africaine des personnes et entit\u00e9s impliqu\u00e9es dans des activit\u00e9s criminelles, ainsi qu&rsquo;\u00e0 l&rsquo;\u00e9laboration d&rsquo;un mandat d&rsquo;arr\u00eat africain.<\/p>\n\n\n\n<p>Il convient \u00e9galement de mentionner les rapports annuels pr\u00e9sent\u00e9s par M. Abdelmadjid Tebboune, pr\u00e9sident de la R\u00e9publique, chef supr\u00eame des forces arm\u00e9es et ministre de la D\u00e9fense nationale, en sa qualit\u00e9 de coordinateur de l&rsquo;Union africaine pour la lutte contre le terrorisme et l&rsquo;extr\u00e9misme violent.<\/p>\n\n\n\n<p>Pour sa part, le g\u00e9n\u00e9ral Dagvin Andersson s&rsquo;est r\u00e9joui de sa visite en Alg\u00e9rie et a r\u00e9affirm\u00e9 sa volont\u00e9 constante de renforcer les relations de coop\u00e9ration militaire, saluant le niveau de coordination multidimensionnelle entre les deux parties, ainsi que la contribution de l&rsquo;Arm\u00e9e nationale populaire au maintien de la s\u00e9curit\u00e9 et de la paix dans la r\u00e9gion.<\/p>\n\n\n\n<p>\u00c0 l&rsquo;issue de la rencontre, les deux parties ont \u00e9chang\u00e9 des cadeaux symboliques, apr\u00e8s quoi le commandant de l&rsquo;AFRICOM a sign\u00e9 le livre d&rsquo;or de l&rsquo;\u00e9tat-major de l&rsquo;Arm\u00e9e nationale populaire.<\/p>\n","protected":false},"excerpt":{"rendered":"<p>Le G\u00e9n\u00e9ral d&rsquo;Arm\u00e9e Sa\u00efd Chanegriha, ministre d\u00e9l\u00e9gu\u00e9 aupr\u00e8s du ministre de la D\u00e9fense nationale et chef d&rsquo;\u00e9tat-major de l&rsquo;Arm\u00e9e nationale populaire, a re\u00e7u ce mardi 28 avril 2026, au si\u00e8ge de l&rsquo;\u00e9tat-major de l&rsquo;Arm\u00e9e nationale populaire, le commandant du Commandement des forces am\u00e9ricaines pour l&rsquo;Afrique (AFRICOM), le g\u00e9n\u00e9ral Dagvin Anderson. [&hellip;]<\/p>\n","protected":false},"author":3,"featured_media":60644,"comment_status":"closed","ping_status":"open","sticky":false,"template":"","format":"standard","meta":{"footnotes":""},"categories":[236,36],"tags":[810],"class_list":["post-60643","post","type-post","status-publish","format-standard","has-post-thumbnail","hentry","category-a-la-une","category-actualites","tag-general-darmee-said-chanegriha"],"_links":{"self":[{"href":"https:\/\/alger16.dz\/index.php?rest_route=\/wp\/v2\/posts\/60643","targetHints":{"allow":["GET"]}}],"collection":[{"href":"https:\/\/alger16.dz\/index.php?rest_route=\/wp\/v2\/posts"}],"about":[{"href":"https:\/\/alger16.dz\/index.php?rest_route=\/wp\/v2\/types\/post"}],"author":[{"embeddable":true,"href":"https:\/\/alger16.dz\/index.php?rest_route=\/wp\/v2\/users\/3"}],"replies":[{"embeddable":true,"href":"https:\/\/alger16.dz\/index.php?rest_route=%2Fwp%2Fv2%2Fcomments&post=60643"}],"version-history":[{"count":1,"href":"https:\/\/alger16.dz\/index.php?rest_route=\/wp\/v2\/posts\/60643\/revisions"}],"predecessor-version":[{"id":60645,"href":"https:\/\/alger16.dz\/index.php?rest_route=\/wp\/v2\/posts\/60643\/revisions\/60645"}],"wp:featuredmedia":[{"embeddable":true,"href":"https:\/\/alger16.dz\/index.php?rest_route=\/wp\/v2\/media\/60644"}],"wp:attachment":[{"href":"https:\/\/alger16.dz\/index.php?rest_route=%2Fwp%2Fv2%2Fmedia&parent=60643"}],"wp:term":[{"taxonomy":"category","embeddable":true,"href":"https:\/\/alger16.dz\/index.php?rest_route=%2Fwp%2Fv2%2Fcategories&post=60643"},{"taxonomy":"post_tag","embeddable":true,"href":"https:\/\/alger16.dz\/index.php?rest_route=%2Fwp%2Fv2%2Ftags&post=60643"}],"curies":[{"name":"wp","href":"https:\/\/api.w.org\/{rel}","templated":true}]}}