{"id":60650,"date":"2026-04-28T00:21:00","date_gmt":"2026-04-28T00:21:00","guid":{"rendered":"https:\/\/alger16.dz\/?p=60650"},"modified":"2026-04-28T15:51:56","modified_gmt":"2026-04-28T15:51:56","slug":"concours-du-saint-coran-a-dakar-le-recitant-algerien-salah-eddine-remal-prime","status":"publish","type":"post","link":"https:\/\/alger16.dz\/?p=60650","title":{"rendered":"Concours du Saint Coran \u00e0 Dakar : Le r\u00e9citant alg\u00e9rien Salah Eddine Remal prim\u00e9"},"content":{"rendered":"\n<figure class=\"wp-block-image size-large\"><img loading=\"lazy\" decoding=\"async\" width=\"1024\" height=\"916\" src=\"https:\/\/alger16.dz\/wp-content\/uploads\/2026\/04\/sv-1024x916.jpg\" alt=\"\" class=\"wp-image-60651\" srcset=\"https:\/\/alger16.dz\/wp-content\/uploads\/2026\/04\/sv-1024x916.jpg 1024w, https:\/\/alger16.dz\/wp-content\/uploads\/2026\/04\/sv-300x268.jpg 300w, https:\/\/alger16.dz\/wp-content\/uploads\/2026\/04\/sv-768x687.jpg 768w, https:\/\/alger16.dz\/wp-content\/uploads\/2026\/04\/sv.jpg 1080w\" sizes=\"auto, (max-width: 1024px) 100vw, 1024px\" \/><\/figure>\n\n\n\n<p><br>Le r\u00e9citant alg\u00e9rien Mohamed Salah Eddine Remal a remport\u00e9 la premi\u00e8re place dans la premi\u00e8re cat\u00e9gorie du concours de m\u00e9morisation du Saint Coran et de la Sounna du Proph\u00e8te (QSSSL) destin\u00e9 aux pays africains, lors de sa deuxi\u00e8me \u00e9dition tenue \u00e0 Dakar (S\u00e9n\u00e9gal), a indiqu\u00e9 un communiqu\u00e9 du minist\u00e8re des Affaires religieuses et des Wakfs.<br>\u00ab\u00a0Le r\u00e9citant Remal a r\u00e9ussi \u00e0 d\u00e9crocher la premi\u00e8re place dans la premi\u00e8re cat\u00e9gorie, d\u00e9di\u00e9e \u00e0 la m\u00e9morisation int\u00e9grale du Saint Coran selon les dix lectures (qira\u2019ates), lors d&rsquo;un concours ayant vu la participation de 100 candidats repr\u00e9sentant 53 pays africains\u00a0\u00bb, pr\u00e9cise le communiqu\u00e9.<br>Ce sacre honorable constitue \u00ab\u00a0un nouvel acquis de qualit\u00e9 qui vient enrichir le palmar\u00e8s de l&rsquo;Alg\u00e9rie dans les manifestations coraniques internationales et refl\u00e8te l&rsquo;int\u00e9r\u00eat constant accord\u00e9 au Livre d&rsquo;Allah en mati\u00e8re de m\u00e9morisation, de psalmodie et d&rsquo;enseignement\u00a0\u00bb.<br>A cette occasion, le ministre des Affaires religieuses et des Wakfs, Youcef Belmehdi, a f\u00e9licit\u00e9 le r\u00e9citant Remal qui \u00ab\u00a0a honor\u00e9 l&rsquo;Alg\u00e9rie en la repr\u00e9sentant lors de la deuxi\u00e8me \u00e9dition du concours du serviteur des deux Lieux saints de l&rsquo;Islam, le roi Salmane ben Abdelaziz Al-Saoud, de la m\u00e9morisation du Saint Coran et de la Sounna du Proph\u00e8te (QSSSL) pour les pays africains\u00a0\u00bb.<\/p>\n","protected":false},"excerpt":{"rendered":"<p>Le r\u00e9citant alg\u00e9rien Mohamed Salah Eddine Remal a remport\u00e9 la premi\u00e8re place dans la premi\u00e8re cat\u00e9gorie du concours de m\u00e9morisation du Saint Coran et de la Sounna du Proph\u00e8te (QSSSL) destin\u00e9 aux pays africains, lors de sa deuxi\u00e8me \u00e9dition tenue \u00e0 Dakar (S\u00e9n\u00e9gal), a indiqu\u00e9 un communiqu\u00e9 du minist\u00e8re des [&hellip;]<\/p>\n","protected":false},"author":3,"featured_media":60651,"comment_status":"closed","ping_status":"open","sticky":false,"template":"","format":"standard","meta":{"footnotes":""},"categories":[62],"tags":[5250,5251],"class_list":["post-60650","post","type-post","status-publish","format-standard","has-post-thumbnail","hentry","category-le-savez-vous","tag-coran","tag-salah-eddine-remal"],"_links":{"self":[{"href":"https:\/\/alger16.dz\/index.php?rest_route=\/wp\/v2\/posts\/60650","targetHints":{"allow":["GET"]}}],"collection":[{"href":"https:\/\/alger16.dz\/index.php?rest_route=\/wp\/v2\/posts"}],"about":[{"href":"https:\/\/alger16.dz\/index.php?rest_route=\/wp\/v2\/types\/post"}],"author":[{"embeddable":true,"href":"https:\/\/alger16.dz\/index.php?rest_route=\/wp\/v2\/users\/3"}],"replies":[{"embeddable":true,"href":"https:\/\/alger16.dz\/index.php?rest_route=%2Fwp%2Fv2%2Fcomments&post=60650"}],"version-history":[{"count":1,"href":"https:\/\/alger16.dz\/index.php?rest_route=\/wp\/v2\/posts\/60650\/revisions"}],"predecessor-version":[{"id":60652,"href":"https:\/\/alger16.dz\/index.php?rest_route=\/wp\/v2\/posts\/60650\/revisions\/60652"}],"wp:featuredmedia":[{"embeddable":true,"href":"https:\/\/alger16.dz\/index.php?rest_route=\/wp\/v2\/media\/60651"}],"wp:attachment":[{"href":"https:\/\/alger16.dz\/index.php?rest_route=%2Fwp%2Fv2%2Fmedia&parent=60650"}],"wp:term":[{"taxonomy":"category","embeddable":true,"href":"https:\/\/alger16.dz\/index.php?rest_route=%2Fwp%2Fv2%2Fcategories&post=60650"},{"taxonomy":"post_tag","embeddable":true,"href":"https:\/\/alger16.dz\/index.php?rest_route=%2Fwp%2Fv2%2Ftags&post=60650"}],"curies":[{"name":"wp","href":"https:\/\/api.w.org\/{rel}","templated":true}]}}