{"id":60662,"date":"2026-04-28T00:01:00","date_gmt":"2026-04-28T00:01:00","guid":{"rendered":"https:\/\/alger16.dz\/?p=60662"},"modified":"2026-04-28T16:08:26","modified_gmt":"2026-04-28T16:08:26","slug":"partenariat-parlementaire-lalgerie-et-lazerbaidjan-veulent-donner-un-nouvel-elan","status":"publish","type":"post","link":"https:\/\/alger16.dz\/?p=60662","title":{"rendered":"Partenariat parlementaire : L\u2019Alg\u00e9rie et l\u2019Azerba\u00efdjan veulent donner un nouvel \u00e9lan"},"content":{"rendered":"\n<figure class=\"wp-block-image size-full\"><img loading=\"lazy\" decoding=\"async\" width=\"660\" height=\"336\" src=\"https:\/\/alger16.dz\/wp-content\/uploads\/2026\/04\/azer.jpg\" alt=\"\" class=\"wp-image-60663\" srcset=\"https:\/\/alger16.dz\/wp-content\/uploads\/2026\/04\/azer.jpg 660w, https:\/\/alger16.dz\/wp-content\/uploads\/2026\/04\/azer-300x153.jpg 300w\" sizes=\"auto, (max-width: 660px) 100vw, 660px\" \/><\/figure>\n\n\n\n<p><strong>Le vice-pr\u00e9sident du Conseil de la Nation charg\u00e9 des relations internationales, Rabah Baghali, a accueilli dimanche dernier \u00e0 Alger Chahin Ismayilov, pr\u00e9sident du groupe parlementaire d\u2019amiti\u00e9 Azerba\u00efdjan-Alg\u00e9rie et de la Commission de la jeunesse de l\u2019Assembl\u00e9e nationale de la R\u00e9publique d\u2019Azerba\u00efdjan, accompagn\u00e9 de sa d\u00e9l\u00e9gation, selon un communiqu\u00e9 du Conseil.<\/strong><\/p>\n\n\n\n<p>Cette rencontre, tenue sur instruction du pr\u00e9sident du Conseil de la Nation, Azzouz Nasseri, s\u2019est d\u00e9roul\u00e9e au si\u00e8ge de l\u2019institution. Elle a permis de faire le point sur l\u2019\u00e9tat des relations alg\u00e9ro-azerba\u00efdjanaises et d\u2019explorer les perspectives de leur d\u00e9veloppement dans un contexte marqu\u00e9 par une convergence politique et une compr\u00e9hension mutuelle sur plusieurs dossiers d\u2019int\u00e9r\u00eat commun.<br>Les \u00e9changes ont port\u00e9 sur les moyens de traduire la volont\u00e9 partag\u00e9e des deux pays d\u2019insuffler une nouvelle dynamique \u00e0 leur coop\u00e9ration bilat\u00e9rale, en l\u2019\u00e9largissant \u00e0 des domaines plus diversifi\u00e9s et en renfor\u00e7ant leur partenariat au service des int\u00e9r\u00eats des deux peuples. Dans ce cadre, M. Baghali a salu\u00e9 \u00ab la force des liens qui unissent l\u2019Alg\u00e9rie et l\u2019Azerba\u00efdjan, qui connaissent un d\u00e9veloppement remarquable \u00bb, soulignant \u00e9galement \u00ab l\u2019importance de cette visite, qui s\u2019inscrit dans le renforcement constant des m\u00e9canismes diplomatiques entre les deux pays \u00bb. Il a, par ailleurs, insist\u00e9 sur la n\u00e9cessit\u00e9 de consolider cette dynamique \u00e0 travers une coop\u00e9ration parlementaire plus soutenue, fond\u00e9e sur le dialogue, la coordination et l\u2019\u00e9change d\u2019exp\u00e9riences l\u00e9gislatives, notamment via l\u2019activation des groupes d\u2019amiti\u00e9.<br>De son c\u00f4t\u00e9, M. Ismayilov a exprim\u00e9 sa satisfaction de visiter l\u2019Alg\u00e9rie, saluant \u00ab la position dont elle jouit aux niveaux r\u00e9gional et international \u00bb et r\u00e9affirmant la volont\u00e9 de son pays de renforcer les relations d\u2019amiti\u00e9 et de coop\u00e9ration. Il a mis en avant la profondeur des liens entre les deux peuples et leur ambition commune d\u2019ouvrir de nouvelles perspectives de partenariat.<br>Il a \u00e9galement indiqu\u00e9 son souhait de multiplier les rencontres avec diff\u00e9rentes personnalit\u00e9s afin de \u00ab mener des consultations et proposer des partenariats b\u00e9n\u00e9fiques aux deux pays \u00bb.<br>Au terme de cette entrevue, les deux parties ont r\u00e9affirm\u00e9 leur engagement \u00e0 hisser les relations alg\u00e9ro-azerba\u00efdjanaises \u00e0 un niveau sup\u00e9rieur dans un esprit de confiance mutuelle et de coop\u00e9ration durable. <br><strong>Abir Menasria<\/strong><\/p>\n","protected":false},"excerpt":{"rendered":"<p>Le vice-pr\u00e9sident du Conseil de la Nation charg\u00e9 des relations internationales, Rabah Baghali, a accueilli dimanche dernier \u00e0 Alger Chahin Ismayilov, pr\u00e9sident du groupe parlementaire d\u2019amiti\u00e9 Azerba\u00efdjan-Alg\u00e9rie et de la Commission de la jeunesse de l\u2019Assembl\u00e9e nationale de la R\u00e9publique d\u2019Azerba\u00efdjan, accompagn\u00e9 de sa d\u00e9l\u00e9gation, selon un communiqu\u00e9 du Conseil. [&hellip;]<\/p>\n","protected":false},"author":3,"featured_media":60663,"comment_status":"closed","ping_status":"open","sticky":false,"template":"","format":"standard","meta":{"footnotes":""},"categories":[36],"tags":[2479],"class_list":["post-60662","post","type-post","status-publish","format-standard","has-post-thumbnail","hentry","category-actualites","tag-algerie-azerbaidjan"],"_links":{"self":[{"href":"https:\/\/alger16.dz\/index.php?rest_route=\/wp\/v2\/posts\/60662","targetHints":{"allow":["GET"]}}],"collection":[{"href":"https:\/\/alger16.dz\/index.php?rest_route=\/wp\/v2\/posts"}],"about":[{"href":"https:\/\/alger16.dz\/index.php?rest_route=\/wp\/v2\/types\/post"}],"author":[{"embeddable":true,"href":"https:\/\/alger16.dz\/index.php?rest_route=\/wp\/v2\/users\/3"}],"replies":[{"embeddable":true,"href":"https:\/\/alger16.dz\/index.php?rest_route=%2Fwp%2Fv2%2Fcomments&post=60662"}],"version-history":[{"count":1,"href":"https:\/\/alger16.dz\/index.php?rest_route=\/wp\/v2\/posts\/60662\/revisions"}],"predecessor-version":[{"id":60664,"href":"https:\/\/alger16.dz\/index.php?rest_route=\/wp\/v2\/posts\/60662\/revisions\/60664"}],"wp:featuredmedia":[{"embeddable":true,"href":"https:\/\/alger16.dz\/index.php?rest_route=\/wp\/v2\/media\/60663"}],"wp:attachment":[{"href":"https:\/\/alger16.dz\/index.php?rest_route=%2Fwp%2Fv2%2Fmedia&parent=60662"}],"wp:term":[{"taxonomy":"category","embeddable":true,"href":"https:\/\/alger16.dz\/index.php?rest_route=%2Fwp%2Fv2%2Fcategories&post=60662"},{"taxonomy":"post_tag","embeddable":true,"href":"https:\/\/alger16.dz\/index.php?rest_route=%2Fwp%2Fv2%2Ftags&post=60662"}],"curies":[{"name":"wp","href":"https:\/\/api.w.org\/{rel}","templated":true}]}}