{"id":60673,"date":"2026-04-28T00:22:00","date_gmt":"2026-04-28T00:22:00","guid":{"rendered":"https:\/\/alger16.dz\/?p=60673"},"modified":"2026-04-28T16:28:03","modified_gmt":"2026-04-28T16:28:03","slug":"numerisation-et-regulation-du-marche-vers-un-systeme-dinformation-unifie-pour-securiser-lapprovisionnement-national","status":"publish","type":"post","link":"https:\/\/alger16.dz\/?p=60673","title":{"rendered":"Num\u00e9risation et r\u00e9gulation du march\u00e9 : Vers un syst\u00e8me d\u2019information unifi\u00e9 pour s\u00e9curiser l\u2019approvisionnement national"},"content":{"rendered":"\n<figure class=\"wp-block-image size-large\"><img loading=\"lazy\" decoding=\"async\" width=\"1024\" height=\"768\" src=\"https:\/\/alger16.dz\/wp-content\/uploads\/2026\/04\/commerce-2-1024x768.jpg\" alt=\"\" class=\"wp-image-60674\" srcset=\"https:\/\/alger16.dz\/wp-content\/uploads\/2026\/04\/commerce-2-1024x768.jpg 1024w, https:\/\/alger16.dz\/wp-content\/uploads\/2026\/04\/commerce-2-300x225.jpg 300w, https:\/\/alger16.dz\/wp-content\/uploads\/2026\/04\/commerce-2-768x576.jpg 768w, https:\/\/alger16.dz\/wp-content\/uploads\/2026\/04\/commerce-2.jpg 1280w\" sizes=\"auto, (max-width: 1024px) 100vw, 1024px\" \/><\/figure>\n\n\n\n<p>La ministre du Commerce int\u00e9rieur et de la R\u00e9gulation du march\u00e9 national, Amel Abdellatif, a coanim\u00e9 dimanche \u00e0 Alger une r\u00e9union de coordination avec Meriem Benmouloud, ministre et haut-commissaire \u00e0 la num\u00e9risation. Cette rencontre a \u00e9t\u00e9 consacr\u00e9e \u00e0 l\u2019examen d\u2019un projet de syst\u00e8me d\u2019information d\u00e9di\u00e9 au suivi de l\u2019approvisionnement du march\u00e9 national et au maintien de la continuit\u00e9 des services publics, conform\u00e9ment aux directives du Premier ministre Sifi Ghrieb, a indiqu\u00e9 un communiqu\u00e9 du minist\u00e8re. La r\u00e9union a rassembl\u00e9 des repr\u00e9sentants de plusieurs secteurs, ainsi que des institutions s\u00e9curitaires et techniques, notamment le minist\u00e8re de la D\u00e9fense nationale, le commandement de la Gendarmerie nationale, l\u2019Agence de s\u00e9curit\u00e9 des syst\u00e8mes d\u2019information, la Direction g\u00e9n\u00e9rale de la S\u00fbret\u00e9 nationale et l\u2019Office national des statistiques. Au cours des travaux, une pr\u00e9sentation d\u00e9taill\u00e9e de deux plateformes num\u00e9riques d\u00e9velopp\u00e9es par le minist\u00e8re a \u00e9t\u00e9 effectu\u00e9e. La premi\u00e8re concerne le suivi du r\u00e9seau de distribution, des espaces commerciaux et de l\u2019\u00e9volution des prix. La seconde est d\u00e9di\u00e9e aux capacit\u00e9s de stockage, incluant les chambres froides et les entrep\u00f4ts. Ces deux outils sont appel\u00e9s \u00e0 \u00eatre int\u00e9gr\u00e9s dans un syst\u00e8me d\u2019information global, dont le d\u00e9ploiement vise \u00e0 renforcer le suivi de l\u2019approvisionnement du march\u00e9 national. Dans ce cadre, Mme Abdellatif a soulign\u00e9 que la plateforme d\u00e9di\u00e9e \u00e0 la gestion du r\u00e9seau de distribution permet un suivi pr\u00e9cis et en temps r\u00e9el de la situation du march\u00e9, tandis que celle consacr\u00e9e aux infrastructures de stockage offre une cartographie num\u00e9rique facilitant le contr\u00f4le des stocks et l\u2019optimisation de la prise de d\u00e9cision.<br>De son c\u00f4t\u00e9, Mme Benmouloud a mis en avant l\u2019importance de la mise en place d\u2019un syst\u00e8me d\u2019information unifi\u00e9, estimant qu\u2019il permettra de coordonner les efforts des diff\u00e9rents secteurs gr\u00e2ce \u00e0 des donn\u00e9es fiables et actualis\u00e9es. Elle a \u00e9galement indiqu\u00e9 que ce dispositif contribuera \u00e0 am\u00e9liorer l\u2019efficacit\u00e9 des interventions publiques, en coh\u00e9rence avec les dispositions du d\u00e9cret pr\u00e9sidentiel n\u00b0 25-320 relatif au syst\u00e8me national de gouvernance des donn\u00e9es.<br>\u00c0 travers ce projet, les pouvoirs publics amorcent une nouvelle \u00e9tape dans la modernisation de la gestion du march\u00e9 national, o\u00f9 la donn\u00e9e devient un levier strat\u00e9gique au service de la r\u00e9gulation, de la transparence et de l\u2019anticipation des besoins. Une transformation qui, si elle est pleinement concr\u00e9tis\u00e9e, pourrait red\u00e9finir durablement les m\u00e9canismes de pilotage \u00e9conomique.<br><strong>Abir Menasria<\/strong><\/p>\n","protected":false},"excerpt":{"rendered":"<p>La ministre du Commerce int\u00e9rieur et de la R\u00e9gulation du march\u00e9 national, Amel Abdellatif, a coanim\u00e9 dimanche \u00e0 Alger une r\u00e9union de coordination avec Meriem Benmouloud, ministre et haut-commissaire \u00e0 la num\u00e9risation. Cette rencontre a \u00e9t\u00e9 consacr\u00e9e \u00e0 l\u2019examen d\u2019un projet de syst\u00e8me d\u2019information d\u00e9di\u00e9 au suivi de l\u2019approvisionnement du [&hellip;]<\/p>\n","protected":false},"author":3,"featured_media":60674,"comment_status":"closed","ping_status":"open","sticky":false,"template":"","format":"standard","meta":{"footnotes":""},"categories":[63],"tags":[5253],"class_list":["post-60673","post","type-post","status-publish","format-standard","has-post-thumbnail","hentry","category-economie","tag-amel-abdellatif"],"_links":{"self":[{"href":"https:\/\/alger16.dz\/index.php?rest_route=\/wp\/v2\/posts\/60673","targetHints":{"allow":["GET"]}}],"collection":[{"href":"https:\/\/alger16.dz\/index.php?rest_route=\/wp\/v2\/posts"}],"about":[{"href":"https:\/\/alger16.dz\/index.php?rest_route=\/wp\/v2\/types\/post"}],"author":[{"embeddable":true,"href":"https:\/\/alger16.dz\/index.php?rest_route=\/wp\/v2\/users\/3"}],"replies":[{"embeddable":true,"href":"https:\/\/alger16.dz\/index.php?rest_route=%2Fwp%2Fv2%2Fcomments&post=60673"}],"version-history":[{"count":1,"href":"https:\/\/alger16.dz\/index.php?rest_route=\/wp\/v2\/posts\/60673\/revisions"}],"predecessor-version":[{"id":60675,"href":"https:\/\/alger16.dz\/index.php?rest_route=\/wp\/v2\/posts\/60673\/revisions\/60675"}],"wp:featuredmedia":[{"embeddable":true,"href":"https:\/\/alger16.dz\/index.php?rest_route=\/wp\/v2\/media\/60674"}],"wp:attachment":[{"href":"https:\/\/alger16.dz\/index.php?rest_route=%2Fwp%2Fv2%2Fmedia&parent=60673"}],"wp:term":[{"taxonomy":"category","embeddable":true,"href":"https:\/\/alger16.dz\/index.php?rest_route=%2Fwp%2Fv2%2Fcategories&post=60673"},{"taxonomy":"post_tag","embeddable":true,"href":"https:\/\/alger16.dz\/index.php?rest_route=%2Fwp%2Fv2%2Ftags&post=60673"}],"curies":[{"name":"wp","href":"https:\/\/api.w.org\/{rel}","templated":true}]}}