{"id":60691,"date":"2026-04-28T00:37:00","date_gmt":"2026-04-28T00:37:00","guid":{"rendered":"https:\/\/alger16.dz\/?p=60691"},"modified":"2026-04-28T16:38:28","modified_gmt":"2026-04-28T16:38:28","slug":"protection-du-patrimoine-culturel-les-ministeres-de-la-culture-et-de-la-justice-signent-une-convention-cadre","status":"publish","type":"post","link":"https:\/\/alger16.dz\/?p=60691","title":{"rendered":"Protection du patrimoine culturel : Les minist\u00e8res de la Culture et de la Justice signent une convention-cadre"},"content":{"rendered":"\n<figure class=\"wp-block-image size-full\"><img loading=\"lazy\" decoding=\"async\" width=\"900\" height=\"675\" src=\"https:\/\/alger16.dz\/wp-content\/uploads\/2026\/04\/benbouda-3.jpg\" alt=\"\" class=\"wp-image-60692\" srcset=\"https:\/\/alger16.dz\/wp-content\/uploads\/2026\/04\/benbouda-3.jpg 900w, https:\/\/alger16.dz\/wp-content\/uploads\/2026\/04\/benbouda-3-300x225.jpg 300w, https:\/\/alger16.dz\/wp-content\/uploads\/2026\/04\/benbouda-3-768x576.jpg 768w\" sizes=\"auto, (max-width: 900px) 100vw, 900px\" \/><\/figure>\n\n\n\n<p><strong>Une nouvelle \u00e9tape a \u00e9t\u00e9 franchie dans la pr\u00e9servation du patrimoine culturel national avec la signature, dimanche dernier, d\u2019une convention-cadre de coop\u00e9ration entre le minist\u00e8re de la Justice et le minist\u00e8re de la Culture et des Arts. Cet accord, conclu en marge de l\u2019ouverture du 3e Atelier de formation consacr\u00e9 \u00e0 la protection du patrimoine, illustre la volont\u00e9 des pouvoirs publics de renforcer les synergies institutionnelles autour de la sauvegarde de la m\u00e9moire nationale.<\/strong><\/p>\n\n\n\n<p>La convention a \u00e9t\u00e9 paraph\u00e9e par le secr\u00e9taire g\u00e9n\u00e9ral du minist\u00e8re de la Justice, Mohamed Hamadou, et son homologue du minist\u00e8re de la Culture et des Arts, Sid Ali Sebaa, en pr\u00e9sence de la ministre de la Culture et des Arts, Malika Bendouda, ainsi que de repr\u00e9sentants de diff\u00e9rents corps de s\u00e9curit\u00e9, de magistrats et de chercheurs.<br>Inscrit dans le cadre du Mois du patrimoine, cet accord couvre plusieurs axes majeurs, notamment la protection du patrimoine culturel, la lutte contre les atteintes et le trafic illicite des biens culturels, ainsi que le renforcement des capacit\u00e9s \u00e0 travers la formation des magistrats et des cadres des deux secteurs. Il pr\u00e9voit \u00e9galement des actions en faveur de la r\u00e9insertion sociale des d\u00e9tenus par le biais de la culture et des arts.<br>Dans son intervention, Malika Bendouda a soulign\u00e9 que cette coop\u00e9ration vise \u00e0 instaurer un cadre institutionnel solide fond\u00e9 sur la coordination et le partenariat, en conformit\u00e9 avec les dispositions de la Constitution, notamment son article 76, qui consacre le droit de chaque citoyen \u00e0 la culture et engage l\u2019\u00c9tat \u00e0 pr\u00e9server le patrimoine national, tant mat\u00e9riel qu\u2019immat\u00e9riel. Elle a mis en avant l\u2019importance de permettre aux d\u00e9tenus d\u2019acc\u00e9der aux activit\u00e9s culturelles, consid\u00e9rant que les arts et la litt\u00e9rature constituent une v\u00e9ritable ouverture vers la reconstruction personnelle et la r\u00e9insertion dans la soci\u00e9t\u00e9.<br>La ministre a \u00e9galement salu\u00e9 le r\u00f4le d\u00e9terminant des diff\u00e9rents services de s\u00e9curit\u00e9 dans la lutte contre les crimes visant les biens culturels, estimant que leurs efforts constituent un rempart essentiel pour prot\u00e9ger l\u2019h\u00e9ritage historique du pays et en assurer la transmission aux g\u00e9n\u00e9rations futures.<br>De son c\u00f4t\u00e9, le ministre de la Justice, garde des Sceaux, Lotfi Boudjemaa, dont l\u2019allocution a \u00e9t\u00e9 lue par Mohamed Hamadou, a mis en exergue l\u2019importance de cette initiative, qui t\u00e9moigne de l\u2019int\u00e9r\u00eat accord\u00e9 \u00e0 la pr\u00e9servation du patrimoine culturel face aux tentatives d\u2019appropriation et de falsification \u00e0 l\u2019\u00e9chelle internationale. Il a insist\u00e9 sur le r\u00f4le central de la formation, consid\u00e9r\u00e9e comme un levier essentiel pour concr\u00e9tiser cette coop\u00e9ration et am\u00e9liorer le traitement judiciaire des affaires li\u00e9es au patrimoine.<br>Le ministre a \u00e9galement appel\u00e9 les magistrats participant \u00e0 cette session \u00e0 tirer pleinement profit des connaissances acquises afin de renforcer l\u2019efficacit\u00e9 de la r\u00e9ponse judiciaire face aux infractions touchant au patrimoine culturel, notamment le trafic illicite. Il a, en outre, mis en garde contre les r\u00e9seaux sp\u00e9cialis\u00e9s dans le vol et la spoliation du patrimoine, appelant \u00e0 une mobilisation constante pour pr\u00e9server l\u2019authenticit\u00e9 culturelle nationale.<br>Cette session de formation, qui s\u2019\u00e9tend sur cinq jours et r\u00e9unit plus de quarante participants, dont des officiers de police judiciaire, propose un programme \u00e0 la fois th\u00e9orique et pratique. Les participants b\u00e9n\u00e9ficieront notamment d\u2019ateliers organis\u00e9s dans plusieurs \u00e9tablissements mus\u00e9aux de la wilaya d\u2019Alger, ainsi que de visites p\u00e9dagogiques au Mus\u00e9e national de Cherchell et sur des sites arch\u00e9ologiques situ\u00e9s \u00e0 Tipasa.<br>\u00c0 travers cette convention, les autorit\u00e9s entendent non seulement renforcer la protection juridique du patrimoine culturel, mais aussi promouvoir une approche globale int\u00e9grant sensibilisation, formation et valorisation culturelle. Une d\u00e9marche qui traduit une prise de conscience croissante de l\u2019importance strat\u00e9gique du patrimoine en tant que pilier de l\u2019identit\u00e9 nationale et levier de d\u00e9veloppement culturel durable. <br><strong>Cheklat Meriem<\/strong><\/p>\n","protected":false},"excerpt":{"rendered":"<p>Une nouvelle \u00e9tape a \u00e9t\u00e9 franchie dans la pr\u00e9servation du patrimoine culturel national avec la signature, dimanche dernier, d\u2019une convention-cadre de coop\u00e9ration entre le minist\u00e8re de la Justice et le minist\u00e8re de la Culture et des Arts. Cet accord, conclu en marge de l\u2019ouverture du 3e Atelier de formation consacr\u00e9 [&hellip;]<\/p>\n","protected":false},"author":3,"featured_media":60692,"comment_status":"closed","ping_status":"open","sticky":false,"template":"","format":"standard","meta":{"footnotes":""},"categories":[40],"tags":[],"class_list":["post-60691","post","type-post","status-publish","format-standard","has-post-thumbnail","hentry","category-culture"],"_links":{"self":[{"href":"https:\/\/alger16.dz\/index.php?rest_route=\/wp\/v2\/posts\/60691","targetHints":{"allow":["GET"]}}],"collection":[{"href":"https:\/\/alger16.dz\/index.php?rest_route=\/wp\/v2\/posts"}],"about":[{"href":"https:\/\/alger16.dz\/index.php?rest_route=\/wp\/v2\/types\/post"}],"author":[{"embeddable":true,"href":"https:\/\/alger16.dz\/index.php?rest_route=\/wp\/v2\/users\/3"}],"replies":[{"embeddable":true,"href":"https:\/\/alger16.dz\/index.php?rest_route=%2Fwp%2Fv2%2Fcomments&post=60691"}],"version-history":[{"count":1,"href":"https:\/\/alger16.dz\/index.php?rest_route=\/wp\/v2\/posts\/60691\/revisions"}],"predecessor-version":[{"id":60693,"href":"https:\/\/alger16.dz\/index.php?rest_route=\/wp\/v2\/posts\/60691\/revisions\/60693"}],"wp:featuredmedia":[{"embeddable":true,"href":"https:\/\/alger16.dz\/index.php?rest_route=\/wp\/v2\/media\/60692"}],"wp:attachment":[{"href":"https:\/\/alger16.dz\/index.php?rest_route=%2Fwp%2Fv2%2Fmedia&parent=60691"}],"wp:term":[{"taxonomy":"category","embeddable":true,"href":"https:\/\/alger16.dz\/index.php?rest_route=%2Fwp%2Fv2%2Fcategories&post=60691"},{"taxonomy":"post_tag","embeddable":true,"href":"https:\/\/alger16.dz\/index.php?rest_route=%2Fwp%2Fv2%2Ftags&post=60691"}],"curies":[{"name":"wp","href":"https:\/\/api.w.org\/{rel}","templated":true}]}}